{"id":613,"date":"2022-12-28T10:43:14","date_gmt":"2022-12-28T10:43:14","guid":{"rendered":"http:\/\/www.smutnesynagogi.pl\/?p=613"},"modified":"2022-12-28T10:43:42","modified_gmt":"2022-12-28T10:43:42","slug":"synagoga-w-krzepicach","status":"publish","type":"post","link":"https:\/\/www.smutnesynagogi.pl\/index.php\/2022\/12\/28\/synagoga-w-krzepicach\/","title":{"rendered":"Synagoga w Krzepicach"},"content":{"rendered":"<div id=\"dslc-theme-content\"><div id=\"dslc-theme-content-inner\"><div id=\"attachment_615\" style=\"width: 1034px\" class=\"wp-caption alignnone\"><img fetchpriority=\"high\" decoding=\"async\" aria-describedby=\"caption-attachment-615\" class=\"size-large wp-image-615\" src=\"http:\/\/www.smutnesynagogi.pl\/wp-content\/uploads\/2022\/12\/8D985944-23B7-463C-BF56-F38B3726DAC1-1024x806.jpeg\" alt=\"Synagoga w Krzepicach, fot. R. Miernik dla 'Smutne Synagogi'\" width=\"1024\" height=\"806\" srcset=\"https:\/\/www.smutnesynagogi.pl\/wp-content\/uploads\/2022\/12\/8D985944-23B7-463C-BF56-F38B3726DAC1-1024x806.jpeg 1024w, https:\/\/www.smutnesynagogi.pl\/wp-content\/uploads\/2022\/12\/8D985944-23B7-463C-BF56-F38B3726DAC1-600x472.jpeg 600w, https:\/\/www.smutnesynagogi.pl\/wp-content\/uploads\/2022\/12\/8D985944-23B7-463C-BF56-F38B3726DAC1-300x236.jpeg 300w, https:\/\/www.smutnesynagogi.pl\/wp-content\/uploads\/2022\/12\/8D985944-23B7-463C-BF56-F38B3726DAC1-768x604.jpeg 768w, https:\/\/www.smutnesynagogi.pl\/wp-content\/uploads\/2022\/12\/8D985944-23B7-463C-BF56-F38B3726DAC1-1170x920.jpeg 1170w, https:\/\/www.smutnesynagogi.pl\/wp-content\/uploads\/2022\/12\/8D985944-23B7-463C-BF56-F38B3726DAC1.jpeg 1472w\" sizes=\"(max-width: 1024px) 100vw, 1024px\" \/><p id=\"caption-attachment-615\" class=\"wp-caption-text\">Synagoga w Krzepicach, fot. R. Miernik dla 'Smutne Synagogi'<\/p><\/div>\n<p>&nbsp;<\/p>\n<h2>Historia pewnej plotki<\/h2>\n<p>\u017beby opowiedzie\u0107 Wam histori\u0119 Krzepic, musia\u0142am przekopa\u0107 si\u0119 g\u0142\u0119biej, bo nie ma wiele opracowa\u0144. Dotar\u0142am do dokument\u00f3w Urz\u0119du \u015aledczego Kielcach, kt\u00f3re opisuj\u0105 zaj\u015bcia zwi\u0105zane z Krzepicami oraz Truskolasami - znajduj\u0105cymi si\u0119 15 km dalej.<\/p>\n<p>18 stycznia 1936 dochodzi do zamachu bombowego na bo\u017cnic\u0119 w Truskolasach. Tego samego dnia zg\u0142oszono policji ograbienie ko\u015bcio\u0142a w Truskolasach. Dosz\u0142o do zrabowania pieni\u0119dzy, ale tak\u017ce \u201ezerwania korony z obrazu, pogi\u0119cia monstrancji i st\u0142uczenia skarbony\u201d.<\/p>\n<p>21 stycznia pr\u00f3bowano podpali\u0107 bo\u017cnic\u0119 w Mied\u017anie. Sprawc\u00f3w nie ustalono, ale podejrzenia pad\u0142y na dzia\u0142aczy coraz silniejszego Stronnictwa Narodowego [dalej: SN]. By\u0142o to spowodowane tym, \u017ce do eksces\u00f3w anty\u017cydowskich dochodzi\u0142o od pocz\u0105tku roku systematycznie \u2013 zawsze przed dniem targowym. Do napadu na ko\u015bci\u00f3\u0142 dosz\u0142o na kilka godzin przed cotygodniowym targiem, na kt\u00f3rym znajdowa\u0142o si\u0119 ponad 2000 os\u00f3b.<\/p>\n<p>Obrabowanie ko\u015bcio\u0142a mia\u0142o by\u0107 odwetem \u017byd\u00f3w za napad na ich bo\u017cnic\u0119. Plotka szybko rozesz\u0142a si\u0119 po targowicy. Rozjuszeni ludzie przewr\u00f3cili z impetem 2 stragany \u017cydowskie i w\u00f3wczas rozleg\u0142y si\u0119 krzyki t\u0142umu, \u017ce \u017bydzi napadli na ko\u015bci\u00f3\u0142. Policja pr\u00f3buj\u0105ca rozp\u0119dzi\u0107 w\u015bciek\u0142y t\u0142um zosta\u0142a zaatakowana kamieniami i zwyzywana od \u201e\u017cydowskich pacho\u0142k\u00f3w\u201d.<\/p>\n<p>Sprawcy zamieszek zbiegli z targowicy i rozpraszaj\u0105c si\u0119 po okolicy w kilkuosobowych grupkach, atakowali \u017byd\u00f3w i wybijali okna w ich domach i sklepach. Do atak\u00f3w dosz\u0142o tak\u017ce w pobliskich Jaciskach, Janikach, Krzepicach i K\u0142obucku, przy czym uda\u0142o si\u0119 ustali\u0107, \u017ce w samym K\u0142obucku wybito 47 szyb w oknach dom\u00f3w \u017cydowskich, a Truskolasach - 250 szyb.<\/p>\n<p>19 stycznia 1936 r. w Krzepicach odby\u0142o si\u0119 spotkanie, na kt\u00f3rym do t\u0142umu przemawia\u0142 dzia\u0142acz S.N., kt\u00f3ry zapewnia\u0142 Krzepiczan o \u201ewyrwaniu Polski z r\u0105k grabie\u017cc\u00f3w sanacji i \u017byd\u00f3w\u201d.<\/p>\n<p>1 lutego 1936 policjanci ustalili, \u017ce ko\u015bci\u00f3\u0142 okrad\u0142 polski robotnik i sympatyk SN - Walenty M\u0142ynarczyk, skuszony ch\u0119ci\u0105 zysku. Nie mia\u0142o to jednak znaczenia, bo ekscesy anty\u017cydowskie mia\u0142y miejsce dalej - do 6 lutego 1936 r. ich ofiar\u0105 pad\u0142o 45 \u017byd\u00f3w.<\/p>\n<p>__________________________________________________________________<\/p>\n<h2>Galeria:<\/h2>\n<p>&nbsp;<\/p>\n\n\t\t<style type=\"text\/css\">\n\t\t\t#gallery-1 {\n\t\t\t\tmargin: auto;\n\t\t\t}\n\t\t\t#gallery-1 .gallery-item {\n\t\t\t\tfloat: left;\n\t\t\t\tmargin-top: 10px;\n\t\t\t\ttext-align: center;\n\t\t\t\twidth: 33%;\n\t\t\t}\n\t\t\t#gallery-1 img {\n\t\t\t\tborder: 2px solid #cfcfcf;\n\t\t\t}\n\t\t\t#gallery-1 .gallery-caption {\n\t\t\t\tmargin-left: 0;\n\t\t\t}\n\t\t\t\/* see gallery_shortcode() in wp-includes\/media.php *\/\n\t\t<\/style>\n\t\t<div id='gallery-1' class='gallery galleryid-613 gallery-columns-3 gallery-size-thumbnail'><dl class='gallery-item'>\n\t\t\t<dt class='gallery-icon landscape'>\n\t\t\t\t<a href='https:\/\/www.smutnesynagogi.pl\/index.php\/2022\/12\/28\/synagoga-w-krzepicach\/8d985944-23b7-463c-bf56-f38b3726dac1\/'><img decoding=\"async\" width=\"150\" height=\"150\" data-src=\"https:\/\/www.smutnesynagogi.pl\/wp-content\/uploads\/2022\/12\/8D985944-23B7-463C-BF56-F38B3726DAC1-150x150.jpeg\" class=\"attachment-thumbnail size-thumbnail lazyload\" alt=\"Synagoga w Krzepicach, fot. R. Miernik dla &#039;Smutne Synagogi&#039;\" aria-describedby=\"gallery-1-615\" data-srcset=\"https:\/\/www.smutnesynagogi.pl\/wp-content\/uploads\/2022\/12\/8D985944-23B7-463C-BF56-F38B3726DAC1-150x150.jpeg 150w, https:\/\/www.smutnesynagogi.pl\/wp-content\/uploads\/2022\/12\/8D985944-23B7-463C-BF56-F38B3726DAC1-300x300.jpeg 300w, https:\/\/www.smutnesynagogi.pl\/wp-content\/uploads\/2022\/12\/8D985944-23B7-463C-BF56-F38B3726DAC1-100x100.jpeg 100w\" data-sizes=\"(max-width: 150px) 100vw, 150px\" src=\"data:image\/svg+xml;base64,PHN2ZyB3aWR0aD0iMSIgaGVpZ2h0PSIxIiB4bWxucz0iaHR0cDovL3d3dy53My5vcmcvMjAwMC9zdmciPjwvc3ZnPg==\" style=\"--smush-placeholder-width: 150px; --smush-placeholder-aspect-ratio: 150\/150;\" \/><\/a>\n\t\t\t<\/dt>\n\t\t\t\t<dd class='wp-caption-text gallery-caption' id='gallery-1-615'>\n\t\t\t\tSynagoga w Krzepicach, fot. R. Miernik dla 'Smutne Synagogi'\n\t\t\t\t<\/dd><\/dl><dl class='gallery-item'>\n\t\t\t<dt class='gallery-icon landscape'>\n\t\t\t\t<a href='https:\/\/www.smutnesynagogi.pl\/index.php\/2022\/12\/28\/synagoga-w-krzepicach\/4934808d-1209-433c-a49b-9c58ed4269fd\/'><img decoding=\"async\" width=\"150\" height=\"150\" data-src=\"https:\/\/www.smutnesynagogi.pl\/wp-content\/uploads\/2022\/12\/4934808D-1209-433C-A49B-9C58ED4269FD-150x150.jpeg\" class=\"attachment-thumbnail size-thumbnail lazyload\" alt=\"Synagoga w Krzepicach, fot. R. Miernik dla &#039;Smutne Synagogi&#039;\" aria-describedby=\"gallery-1-619\" data-srcset=\"https:\/\/www.smutnesynagogi.pl\/wp-content\/uploads\/2022\/12\/4934808D-1209-433C-A49B-9C58ED4269FD-150x150.jpeg 150w, https:\/\/www.smutnesynagogi.pl\/wp-content\/uploads\/2022\/12\/4934808D-1209-433C-A49B-9C58ED4269FD-300x300.jpeg 300w, https:\/\/www.smutnesynagogi.pl\/wp-content\/uploads\/2022\/12\/4934808D-1209-433C-A49B-9C58ED4269FD-100x100.jpeg 100w\" data-sizes=\"(max-width: 150px) 100vw, 150px\" src=\"data:image\/svg+xml;base64,PHN2ZyB3aWR0aD0iMSIgaGVpZ2h0PSIxIiB4bWxucz0iaHR0cDovL3d3dy53My5vcmcvMjAwMC9zdmciPjwvc3ZnPg==\" style=\"--smush-placeholder-width: 150px; --smush-placeholder-aspect-ratio: 150\/150;\" \/><\/a>\n\t\t\t<\/dt>\n\t\t\t\t<dd class='wp-caption-text gallery-caption' id='gallery-1-619'>\n\t\t\t\tSynagoga w Krzepicach, fot. R. Miernik dla 'Smutne Synagogi'\n\t\t\t\t<\/dd><\/dl><dl class='gallery-item'>\n\t\t\t<dt class='gallery-icon landscape'>\n\t\t\t\t<a href='https:\/\/www.smutnesynagogi.pl\/index.php\/2022\/12\/28\/synagoga-w-krzepicach\/02a2ffaf-c840-4dfa-8832-8c5480901ec8\/'><img decoding=\"async\" width=\"150\" height=\"150\" data-src=\"https:\/\/www.smutnesynagogi.pl\/wp-content\/uploads\/2022\/12\/02A2FFAF-C840-4DFA-8832-8C5480901EC8-150x150.jpeg\" class=\"attachment-thumbnail size-thumbnail lazyload\" alt=\"Synagoga w Krzepicach, fot. R. Miernik dla &#039;Smutne Synagogi&#039;\" aria-describedby=\"gallery-1-614\" data-srcset=\"https:\/\/www.smutnesynagogi.pl\/wp-content\/uploads\/2022\/12\/02A2FFAF-C840-4DFA-8832-8C5480901EC8-150x150.jpeg 150w, https:\/\/www.smutnesynagogi.pl\/wp-content\/uploads\/2022\/12\/02A2FFAF-C840-4DFA-8832-8C5480901EC8-300x300.jpeg 300w, https:\/\/www.smutnesynagogi.pl\/wp-content\/uploads\/2022\/12\/02A2FFAF-C840-4DFA-8832-8C5480901EC8-100x100.jpeg 100w\" data-sizes=\"(max-width: 150px) 100vw, 150px\" src=\"data:image\/svg+xml;base64,PHN2ZyB3aWR0aD0iMSIgaGVpZ2h0PSIxIiB4bWxucz0iaHR0cDovL3d3dy53My5vcmcvMjAwMC9zdmciPjwvc3ZnPg==\" style=\"--smush-placeholder-width: 150px; --smush-placeholder-aspect-ratio: 150\/150;\" \/><\/a>\n\t\t\t<\/dt>\n\t\t\t\t<dd class='wp-caption-text gallery-caption' id='gallery-1-614'>\n\t\t\t\tSynagoga w Krzepicach, fot. R. Miernik dla 'Smutne Synagogi'\n\t\t\t\t<\/dd><\/dl><br style=\"clear: both\" \/><dl class='gallery-item'>\n\t\t\t<dt class='gallery-icon landscape'>\n\t\t\t\t<a href='https:\/\/www.smutnesynagogi.pl\/index.php\/2022\/12\/28\/synagoga-w-krzepicach\/510e7a91-b150-4bef-b99f-ccba2aba3a1d\/'><img decoding=\"async\" width=\"150\" height=\"150\" data-src=\"https:\/\/www.smutnesynagogi.pl\/wp-content\/uploads\/2022\/12\/510E7A91-B150-4BEF-B99F-CCBA2ABA3A1D-150x150.jpeg\" class=\"attachment-thumbnail size-thumbnail lazyload\" alt=\"Synagoga w Krzepicach, fot. R. Miernik dla &#039;Smutne Synagogi&#039;\" aria-describedby=\"gallery-1-617\" data-srcset=\"https:\/\/www.smutnesynagogi.pl\/wp-content\/uploads\/2022\/12\/510E7A91-B150-4BEF-B99F-CCBA2ABA3A1D-150x150.jpeg 150w, https:\/\/www.smutnesynagogi.pl\/wp-content\/uploads\/2022\/12\/510E7A91-B150-4BEF-B99F-CCBA2ABA3A1D-300x300.jpeg 300w, https:\/\/www.smutnesynagogi.pl\/wp-content\/uploads\/2022\/12\/510E7A91-B150-4BEF-B99F-CCBA2ABA3A1D-100x100.jpeg 100w\" data-sizes=\"(max-width: 150px) 100vw, 150px\" src=\"data:image\/svg+xml;base64,PHN2ZyB3aWR0aD0iMSIgaGVpZ2h0PSIxIiB4bWxucz0iaHR0cDovL3d3dy53My5vcmcvMjAwMC9zdmciPjwvc3ZnPg==\" style=\"--smush-placeholder-width: 150px; --smush-placeholder-aspect-ratio: 150\/150;\" \/><\/a>\n\t\t\t<\/dt>\n\t\t\t\t<dd class='wp-caption-text gallery-caption' id='gallery-1-617'>\n\t\t\t\tSynagoga w Krzepicach, fot. R. Miernik dla 'Smutne Synagogi'\n\t\t\t\t<\/dd><\/dl><dl class='gallery-item'>\n\t\t\t<dt class='gallery-icon landscape'>\n\t\t\t\t<a href='https:\/\/www.smutnesynagogi.pl\/index.php\/2022\/12\/28\/synagoga-w-krzepicach\/84b331ce-f903-4c24-a9e3-c5dc1d926120\/'><img decoding=\"async\" width=\"150\" height=\"150\" data-src=\"https:\/\/www.smutnesynagogi.pl\/wp-content\/uploads\/2022\/12\/84B331CE-F903-4C24-A9E3-C5DC1D926120-150x150.jpeg\" class=\"attachment-thumbnail size-thumbnail lazyload\" alt=\"Synagoga w Krzepicach, fot. R. Miernik dla &#039;Smutne Synagogi&#039;\" aria-describedby=\"gallery-1-616\" data-srcset=\"https:\/\/www.smutnesynagogi.pl\/wp-content\/uploads\/2022\/12\/84B331CE-F903-4C24-A9E3-C5DC1D926120-150x150.jpeg 150w, https:\/\/www.smutnesynagogi.pl\/wp-content\/uploads\/2022\/12\/84B331CE-F903-4C24-A9E3-C5DC1D926120-300x300.jpeg 300w, https:\/\/www.smutnesynagogi.pl\/wp-content\/uploads\/2022\/12\/84B331CE-F903-4C24-A9E3-C5DC1D926120-100x100.jpeg 100w\" data-sizes=\"(max-width: 150px) 100vw, 150px\" src=\"data:image\/svg+xml;base64,PHN2ZyB3aWR0aD0iMSIgaGVpZ2h0PSIxIiB4bWxucz0iaHR0cDovL3d3dy53My5vcmcvMjAwMC9zdmciPjwvc3ZnPg==\" style=\"--smush-placeholder-width: 150px; --smush-placeholder-aspect-ratio: 150\/150;\" \/><\/a>\n\t\t\t<\/dt>\n\t\t\t\t<dd class='wp-caption-text gallery-caption' id='gallery-1-616'>\n\t\t\t\tSynagoga w Krzepicach, fot. R. Miernik dla 'Smutne Synagogi'\n\t\t\t\t<\/dd><\/dl><dl class='gallery-item'>\n\t\t\t<dt class='gallery-icon portrait'>\n\t\t\t\t<a href='https:\/\/www.smutnesynagogi.pl\/index.php\/2022\/12\/28\/synagoga-w-krzepicach\/img_2297\/'><img decoding=\"async\" width=\"150\" height=\"150\" data-src=\"https:\/\/www.smutnesynagogi.pl\/wp-content\/uploads\/2022\/12\/IMG_2297-150x150.jpg\" class=\"attachment-thumbnail size-thumbnail lazyload\" alt=\"Synagoga w Krzepicach, fot. pochodzi ze strony Wirtualny Sztetl\" aria-describedby=\"gallery-1-618\" data-srcset=\"https:\/\/www.smutnesynagogi.pl\/wp-content\/uploads\/2022\/12\/IMG_2297-150x150.jpg 150w, https:\/\/www.smutnesynagogi.pl\/wp-content\/uploads\/2022\/12\/IMG_2297-300x300.jpg 300w, https:\/\/www.smutnesynagogi.pl\/wp-content\/uploads\/2022\/12\/IMG_2297-100x100.jpg 100w, https:\/\/www.smutnesynagogi.pl\/wp-content\/uploads\/2022\/12\/IMG_2297-502x500.jpg 502w\" data-sizes=\"(max-width: 150px) 100vw, 150px\" src=\"data:image\/svg+xml;base64,PHN2ZyB3aWR0aD0iMSIgaGVpZ2h0PSIxIiB4bWxucz0iaHR0cDovL3d3dy53My5vcmcvMjAwMC9zdmciPjwvc3ZnPg==\" style=\"--smush-placeholder-width: 150px; --smush-placeholder-aspect-ratio: 150\/150;\" \/><\/a>\n\t\t\t<\/dt>\n\t\t\t\t<dd class='wp-caption-text gallery-caption' id='gallery-1-618'>\n\t\t\t\tSynagoga w KrzepicacSynagoga w Krzepicach, fot. pochodzi ze strony Wirtualny Sztetlh, fot. pochodzi ze strony Wirtualny Sztetl\n\t\t\t\t<\/dd><\/dl><br style=\"clear: both\" \/>\n\t\t<\/div>\n\n<\/div><\/div>","protected":false},"excerpt":{"rendered":"<p>&nbsp; Historia pewnej plotki \u017beby opowiedzie\u0107 Wam histori\u0119 Krzepic, musia\u0142am przekopa\u0107 si\u0119 g\u0142\u0119biej, bo nie ma wiele opracowa\u0144. Dotar\u0142am do dokument\u00f3w Urz\u0119du \u015aledczego Kielcach, kt\u00f3re opisuj\u0105 zaj\u015bcia zwi\u0105zane z Krzepicami oraz Truskolasami - znajduj\u0105cymi si\u0119 15 km dalej. 18 stycznia 1936 dochodzi do zamachu bombowego na bo\u017cnic\u0119 w Truskolasach. Tego samego dnia zg\u0142oszono policji ograbienie ko\u015bcio\u0142a w Truskolasach. Dosz\u0142o do zrabowania pieni\u0119dzy, ale tak\u017ce \u201ezerwania korony z obrazu, pogi\u0119cia monstrancji i st\u0142uczenia skarbony\u201d. 21 stycznia pr\u00f3bowano podpali\u0107 bo\u017cnic\u0119 w Mied\u017anie. Sprawc\u00f3w nie ustalono, ale podejrzenia pad\u0142y na dzia\u0142aczy coraz silniejszego Stronnictwa Narodowego [dalej: SN]. By\u0142o to spowodowane tym, \u017ce do eksces\u00f3w anty\u017cydowskich dochodzi\u0142o od pocz\u0105tku roku systematycznie \u2013 zawsze przed dniem targowym. Do napadu na ko\u015bci\u00f3\u0142 dosz\u0142o na kilka godzin przed cotygodniowym targiem, na kt\u00f3rym znajdowa\u0142o si\u0119 ponad 2000 os\u00f3b. Obrabowanie ko\u015bcio\u0142a mia\u0142o by\u0107 odwetem \u017byd\u00f3w za napad na ich bo\u017cnic\u0119. Plotka szybko rozesz\u0142a si\u0119 po targowicy. Rozjuszeni ludzie przewr\u00f3cili z impetem 2 stragany \u017cydowskie i w\u00f3wczas rozleg\u0142y si\u0119 krzyki t\u0142umu, \u017ce \u017bydzi napadli na ko\u015bci\u00f3\u0142. Policja pr\u00f3buj\u0105ca rozp\u0119dzi\u0107 w\u015bciek\u0142y t\u0142um zosta\u0142a zaatakowana kamieniami i zwyzywana od \u201e\u017cydowskich pacho\u0142k\u00f3w\u201d. Sprawcy zamieszek zbiegli z targowicy i rozpraszaj\u0105c si\u0119 po okolicy w kilkuosobowych grupkach, atakowali \u017byd\u00f3w i wybijali okna w ich domach i sklepach. Do atak\u00f3w dosz\u0142o tak\u017ce w pobliskich Jaciskach, Janikach, Krzepicach i K\u0142obucku, przy czym uda\u0142o si\u0119 ustali\u0107, \u017ce w samym K\u0142obucku wybito 47 szyb w oknach dom\u00f3w \u017cydowskich, a Truskolasach - 250 szyb. 19 stycznia 1936 r. w Krzepicach odby\u0142o si\u0119 spotkanie, na kt\u00f3rym do t\u0142umu przemawia\u0142 dzia\u0142acz S.N., kt\u00f3ry zapewnia\u0142 Krzepiczan o \u201ewyrwaniu Polski z r\u0105k grabie\u017cc\u00f3w sanacji i \u017byd\u00f3w\u201d. 1 lutego 1936 policjanci ustalili, \u017ce ko\u015bci\u00f3\u0142 okrad\u0142 polski robotnik i sympatyk SN - Walenty M\u0142ynarczyk, skuszony ch\u0119ci\u0105 zysku. Nie mia\u0142o to jednak znaczenia, bo ekscesy anty\u017cydowskie mia\u0142y miejsce dalej - do 6 lutego 1936 r. ich ofiar\u0105 pad\u0142o 45 \u017byd\u00f3w. __________________________________________________________________ Galeria: &nbsp;<\/p>\n","protected":false},"author":1,"featured_media":615,"comment_status":"open","ping_status":"open","sticky":false,"template":"","format":"standard","meta":{"_monsterinsights_skip_tracking":false,"_monsterinsights_sitenote_active":false,"_monsterinsights_sitenote_note":"","_monsterinsights_sitenote_category":0,"_jetpack_memberships_contains_paid_content":false,"footnotes":""},"categories":[1],"tags":[87,85,84,28,83,39,86,4,88],"class_list":["post-613","post","type-post","status-publish","format-standard","has-post-thumbnail","hentry","category-smutne-synagogi","tag-historia-zydow-slaskich","tag-krzepice","tag-slaskie","tag-synagoga","tag-synagoga-w-krzepicach","tag-synagogi","tag-synagogi-slaskie","tag-zydzi","tag-zydzi-slascy"],"aioseo_notices":[],"yoast_head":"<!-- This site is optimized with the Yoast SEO plugin v27.4 - https:\/\/yoast.com\/product\/yoast-seo-wordpress\/ -->\n<title>Synagoga w Krzepicach - Smutne synagogi<\/title>\n<meta name=\"description\" content=\"\u017beby opowiedzie\u0107 Wam histori\u0119 Krzepic, musia\u0142am przekopa\u0107 si\u0119 g\u0142\u0119biej, bo nie ma wiele opracowa\u0144. Synagoga w Krzepicach\" \/>\n<meta name=\"robots\" content=\"index, follow, max-snippet:-1, max-image-preview:large, max-video-preview:-1\" \/>\n<link rel=\"canonical\" href=\"http:\/\/www.smutnesynagogi.pl\/index.php\/2022\/12\/28\/synagoga-w-krzepicach\/\" \/>\n<meta property=\"og:locale\" content=\"pl_PL\" \/>\n<meta property=\"og:type\" content=\"article\" \/>\n<meta property=\"og:title\" content=\"Synagoga w Krzepicach - Smutne synagogi\" \/>\n<meta property=\"og:description\" content=\"\u017beby opowiedzie\u0107 Wam histori\u0119 Krzepic, musia\u0142am przekopa\u0107 si\u0119 g\u0142\u0119biej, bo nie ma wiele opracowa\u0144. Synagoga w Krzepicach\" \/>\n<meta property=\"og:url\" content=\"http:\/\/www.smutnesynagogi.pl\/index.php\/2022\/12\/28\/synagoga-w-krzepicach\/\" \/>\n<meta property=\"og:site_name\" content=\"Smutne synagogi\" \/>\n<meta property=\"article:published_time\" content=\"2022-12-28T10:43:14+00:00\" \/>\n<meta property=\"article:modified_time\" content=\"2022-12-28T10:43:42+00:00\" \/>\n<meta property=\"og:image\" content=\"http:\/\/www.smutnesynagogi.pl\/wp-content\/uploads\/2022\/12\/8D985944-23B7-463C-BF56-F38B3726DAC1.jpeg\" \/>\n\t<meta property=\"og:image:width\" content=\"1472\" \/>\n\t<meta property=\"og:image:height\" content=\"1158\" \/>\n\t<meta property=\"og:image:type\" content=\"image\/jpeg\" \/>\n<meta name=\"author\" content=\"admin\" \/>\n<meta name=\"twitter:card\" content=\"summary_large_image\" \/>\n<meta name=\"twitter:label1\" content=\"Napisane przez\" \/>\n\t<meta name=\"twitter:data1\" content=\"admin\" \/>\n\t<meta name=\"twitter:label2\" content=\"Szacowany czas czytania\" \/>\n\t<meta name=\"twitter:data2\" content=\"3 minuty\" \/>\n<script type=\"application\/ld+json\" class=\"yoast-schema-graph\">{\"@context\":\"https:\\\/\\\/schema.org\",\"@graph\":[{\"@type\":\"Article\",\"@id\":\"http:\\\/\\\/www.smutnesynagogi.pl\\\/index.php\\\/2022\\\/12\\\/28\\\/synagoga-w-krzepicach\\\/#article\",\"isPartOf\":{\"@id\":\"http:\\\/\\\/www.smutnesynagogi.pl\\\/index.php\\\/2022\\\/12\\\/28\\\/synagoga-w-krzepicach\\\/\"},\"author\":{\"name\":\"admin\",\"@id\":\"https:\\\/\\\/www.smutnesynagogi.pl\\\/#\\\/schema\\\/person\\\/0c7450f003789355636ab018cfb4a00f\"},\"headline\":\"Synagoga w Krzepicach\",\"datePublished\":\"2022-12-28T10:43:14+00:00\",\"dateModified\":\"2022-12-28T10:43:42+00:00\",\"mainEntityOfPage\":{\"@id\":\"http:\\\/\\\/www.smutnesynagogi.pl\\\/index.php\\\/2022\\\/12\\\/28\\\/synagoga-w-krzepicach\\\/\"},\"wordCount\":391,\"commentCount\":0,\"publisher\":{\"@id\":\"https:\\\/\\\/www.smutnesynagogi.pl\\\/#\\\/schema\\\/person\\\/0c7450f003789355636ab018cfb4a00f\"},\"image\":{\"@id\":\"http:\\\/\\\/www.smutnesynagogi.pl\\\/index.php\\\/2022\\\/12\\\/28\\\/synagoga-w-krzepicach\\\/#primaryimage\"},\"thumbnailUrl\":\"https:\\\/\\\/www.smutnesynagogi.pl\\\/wp-content\\\/uploads\\\/2022\\\/12\\\/8D985944-23B7-463C-BF56-F38B3726DAC1.jpeg\",\"keywords\":[\"historia \u017cyd\u00f3w \u015bl\u0105skich\",\"krzepice\",\"\u015bl\u0105skie\",\"synagoga\",\"synagoga w krzepicach\",\"synagogi\",\"synagogi \u015bl\u0105skie\",\"\u017cydzi\",\"\u017cydzi \u015bl\u0105scy\"],\"articleSection\":[\"smutne synagogi\"],\"inLanguage\":\"pl-PL\",\"potentialAction\":[{\"@type\":\"CommentAction\",\"name\":\"Comment\",\"target\":[\"http:\\\/\\\/www.smutnesynagogi.pl\\\/index.php\\\/2022\\\/12\\\/28\\\/synagoga-w-krzepicach\\\/#respond\"]}]},{\"@type\":\"WebPage\",\"@id\":\"http:\\\/\\\/www.smutnesynagogi.pl\\\/index.php\\\/2022\\\/12\\\/28\\\/synagoga-w-krzepicach\\\/\",\"url\":\"http:\\\/\\\/www.smutnesynagogi.pl\\\/index.php\\\/2022\\\/12\\\/28\\\/synagoga-w-krzepicach\\\/\",\"name\":\"Synagoga w Krzepicach - Smutne synagogi\",\"isPartOf\":{\"@id\":\"https:\\\/\\\/www.smutnesynagogi.pl\\\/#website\"},\"primaryImageOfPage\":{\"@id\":\"http:\\\/\\\/www.smutnesynagogi.pl\\\/index.php\\\/2022\\\/12\\\/28\\\/synagoga-w-krzepicach\\\/#primaryimage\"},\"image\":{\"@id\":\"http:\\\/\\\/www.smutnesynagogi.pl\\\/index.php\\\/2022\\\/12\\\/28\\\/synagoga-w-krzepicach\\\/#primaryimage\"},\"thumbnailUrl\":\"https:\\\/\\\/www.smutnesynagogi.pl\\\/wp-content\\\/uploads\\\/2022\\\/12\\\/8D985944-23B7-463C-BF56-F38B3726DAC1.jpeg\",\"datePublished\":\"2022-12-28T10:43:14+00:00\",\"dateModified\":\"2022-12-28T10:43:42+00:00\",\"description\":\"\u017beby opowiedzie\u0107 Wam histori\u0119 Krzepic, musia\u0142am przekopa\u0107 si\u0119 g\u0142\u0119biej, bo nie ma wiele opracowa\u0144. Synagoga w Krzepicach\",\"breadcrumb\":{\"@id\":\"http:\\\/\\\/www.smutnesynagogi.pl\\\/index.php\\\/2022\\\/12\\\/28\\\/synagoga-w-krzepicach\\\/#breadcrumb\"},\"inLanguage\":\"pl-PL\",\"potentialAction\":[{\"@type\":\"ReadAction\",\"target\":[\"http:\\\/\\\/www.smutnesynagogi.pl\\\/index.php\\\/2022\\\/12\\\/28\\\/synagoga-w-krzepicach\\\/\"]}]},{\"@type\":\"ImageObject\",\"inLanguage\":\"pl-PL\",\"@id\":\"http:\\\/\\\/www.smutnesynagogi.pl\\\/index.php\\\/2022\\\/12\\\/28\\\/synagoga-w-krzepicach\\\/#primaryimage\",\"url\":\"https:\\\/\\\/www.smutnesynagogi.pl\\\/wp-content\\\/uploads\\\/2022\\\/12\\\/8D985944-23B7-463C-BF56-F38B3726DAC1.jpeg\",\"contentUrl\":\"https:\\\/\\\/www.smutnesynagogi.pl\\\/wp-content\\\/uploads\\\/2022\\\/12\\\/8D985944-23B7-463C-BF56-F38B3726DAC1.jpeg\",\"width\":1472,\"height\":1158,\"caption\":\"Synagoga w Krzepicach, fot. R. Miernik dla 'Smutne Synagogi'\"},{\"@type\":\"BreadcrumbList\",\"@id\":\"http:\\\/\\\/www.smutnesynagogi.pl\\\/index.php\\\/2022\\\/12\\\/28\\\/synagoga-w-krzepicach\\\/#breadcrumb\",\"itemListElement\":[{\"@type\":\"ListItem\",\"position\":1,\"name\":\"Strona g\u0142\u00f3wna\",\"item\":\"https:\\\/\\\/www.smutnesynagogi.pl\\\/\"},{\"@type\":\"ListItem\",\"position\":2,\"name\":\"Synagoga w Krzepicach\"}]},{\"@type\":\"WebSite\",\"@id\":\"https:\\\/\\\/www.smutnesynagogi.pl\\\/#website\",\"url\":\"https:\\\/\\\/www.smutnesynagogi.pl\\\/\",\"name\":\"Smutne synagogi\",\"description\":\"Robi\u0119 zdj\u0119cia synagogom i obiektom po\u017cydowskim, kt&oacute;re zabija polska szko\u0142a reklamy i ochrony zabytk&oacute;w\",\"publisher\":{\"@id\":\"https:\\\/\\\/www.smutnesynagogi.pl\\\/#\\\/schema\\\/person\\\/0c7450f003789355636ab018cfb4a00f\"},\"potentialAction\":[{\"@type\":\"SearchAction\",\"target\":{\"@type\":\"EntryPoint\",\"urlTemplate\":\"https:\\\/\\\/www.smutnesynagogi.pl\\\/?s={search_term_string}\"},\"query-input\":{\"@type\":\"PropertyValueSpecification\",\"valueRequired\":true,\"valueName\":\"search_term_string\"}}],\"inLanguage\":\"pl-PL\"},{\"@type\":[\"Person\",\"Organization\"],\"@id\":\"https:\\\/\\\/www.smutnesynagogi.pl\\\/#\\\/schema\\\/person\\\/0c7450f003789355636ab018cfb4a00f\",\"name\":\"admin\",\"image\":{\"@type\":\"ImageObject\",\"inLanguage\":\"pl-PL\",\"@id\":\"http:\\\/\\\/www.smutnesynagogi.pl\\\/wp-content\\\/uploads\\\/2021\\\/11\\\/Smutne-synagogi.png\",\"url\":\"http:\\\/\\\/www.smutnesynagogi.pl\\\/wp-content\\\/uploads\\\/2021\\\/11\\\/Smutne-synagogi.png\",\"contentUrl\":\"http:\\\/\\\/www.smutnesynagogi.pl\\\/wp-content\\\/uploads\\\/2021\\\/11\\\/Smutne-synagogi.png\",\"width\":1920,\"height\":450,\"caption\":\"admin\"},\"logo\":{\"@id\":\"http:\\\/\\\/www.smutnesynagogi.pl\\\/wp-content\\\/uploads\\\/2021\\\/11\\\/Smutne-synagogi.png\"},\"sameAs\":[\"http:\\\/\\\/www.smutnesynagogi.pl\"],\"url\":\"https:\\\/\\\/www.smutnesynagogi.pl\\\/index.php\\\/author\\\/admin\\\/\"}]}<\/script>\n<!-- \/ Yoast SEO plugin. -->","yoast_head_json":{"title":"Synagoga w Krzepicach - Smutne synagogi","description":"\u017beby opowiedzie\u0107 Wam histori\u0119 Krzepic, musia\u0142am przekopa\u0107 si\u0119 g\u0142\u0119biej, bo nie ma wiele opracowa\u0144. Synagoga w Krzepicach","robots":{"index":"index","follow":"follow","max-snippet":"max-snippet:-1","max-image-preview":"max-image-preview:large","max-video-preview":"max-video-preview:-1"},"canonical":"http:\/\/www.smutnesynagogi.pl\/index.php\/2022\/12\/28\/synagoga-w-krzepicach\/","og_locale":"pl_PL","og_type":"article","og_title":"Synagoga w Krzepicach - Smutne synagogi","og_description":"\u017beby opowiedzie\u0107 Wam histori\u0119 Krzepic, musia\u0142am przekopa\u0107 si\u0119 g\u0142\u0119biej, bo nie ma wiele opracowa\u0144. Synagoga w Krzepicach","og_url":"http:\/\/www.smutnesynagogi.pl\/index.php\/2022\/12\/28\/synagoga-w-krzepicach\/","og_site_name":"Smutne synagogi","article_published_time":"2022-12-28T10:43:14+00:00","article_modified_time":"2022-12-28T10:43:42+00:00","og_image":[{"width":1472,"height":1158,"url":"http:\/\/www.smutnesynagogi.pl\/wp-content\/uploads\/2022\/12\/8D985944-23B7-463C-BF56-F38B3726DAC1.jpeg","type":"image\/jpeg"}],"author":"admin","twitter_card":"summary_large_image","twitter_misc":{"Napisane przez":"admin","Szacowany czas czytania":"3 minuty"},"schema":{"@context":"https:\/\/schema.org","@graph":[{"@type":"Article","@id":"http:\/\/www.smutnesynagogi.pl\/index.php\/2022\/12\/28\/synagoga-w-krzepicach\/#article","isPartOf":{"@id":"http:\/\/www.smutnesynagogi.pl\/index.php\/2022\/12\/28\/synagoga-w-krzepicach\/"},"author":{"name":"admin","@id":"https:\/\/www.smutnesynagogi.pl\/#\/schema\/person\/0c7450f003789355636ab018cfb4a00f"},"headline":"Synagoga w Krzepicach","datePublished":"2022-12-28T10:43:14+00:00","dateModified":"2022-12-28T10:43:42+00:00","mainEntityOfPage":{"@id":"http:\/\/www.smutnesynagogi.pl\/index.php\/2022\/12\/28\/synagoga-w-krzepicach\/"},"wordCount":391,"commentCount":0,"publisher":{"@id":"https:\/\/www.smutnesynagogi.pl\/#\/schema\/person\/0c7450f003789355636ab018cfb4a00f"},"image":{"@id":"http:\/\/www.smutnesynagogi.pl\/index.php\/2022\/12\/28\/synagoga-w-krzepicach\/#primaryimage"},"thumbnailUrl":"https:\/\/www.smutnesynagogi.pl\/wp-content\/uploads\/2022\/12\/8D985944-23B7-463C-BF56-F38B3726DAC1.jpeg","keywords":["historia \u017cyd\u00f3w \u015bl\u0105skich","krzepice","\u015bl\u0105skie","synagoga","synagoga w krzepicach","synagogi","synagogi \u015bl\u0105skie","\u017cydzi","\u017cydzi \u015bl\u0105scy"],"articleSection":["smutne synagogi"],"inLanguage":"pl-PL","potentialAction":[{"@type":"CommentAction","name":"Comment","target":["http:\/\/www.smutnesynagogi.pl\/index.php\/2022\/12\/28\/synagoga-w-krzepicach\/#respond"]}]},{"@type":"WebPage","@id":"http:\/\/www.smutnesynagogi.pl\/index.php\/2022\/12\/28\/synagoga-w-krzepicach\/","url":"http:\/\/www.smutnesynagogi.pl\/index.php\/2022\/12\/28\/synagoga-w-krzepicach\/","name":"Synagoga w Krzepicach - Smutne synagogi","isPartOf":{"@id":"https:\/\/www.smutnesynagogi.pl\/#website"},"primaryImageOfPage":{"@id":"http:\/\/www.smutnesynagogi.pl\/index.php\/2022\/12\/28\/synagoga-w-krzepicach\/#primaryimage"},"image":{"@id":"http:\/\/www.smutnesynagogi.pl\/index.php\/2022\/12\/28\/synagoga-w-krzepicach\/#primaryimage"},"thumbnailUrl":"https:\/\/www.smutnesynagogi.pl\/wp-content\/uploads\/2022\/12\/8D985944-23B7-463C-BF56-F38B3726DAC1.jpeg","datePublished":"2022-12-28T10:43:14+00:00","dateModified":"2022-12-28T10:43:42+00:00","description":"\u017beby opowiedzie\u0107 Wam histori\u0119 Krzepic, musia\u0142am przekopa\u0107 si\u0119 g\u0142\u0119biej, bo nie ma wiele opracowa\u0144. Synagoga w Krzepicach","breadcrumb":{"@id":"http:\/\/www.smutnesynagogi.pl\/index.php\/2022\/12\/28\/synagoga-w-krzepicach\/#breadcrumb"},"inLanguage":"pl-PL","potentialAction":[{"@type":"ReadAction","target":["http:\/\/www.smutnesynagogi.pl\/index.php\/2022\/12\/28\/synagoga-w-krzepicach\/"]}]},{"@type":"ImageObject","inLanguage":"pl-PL","@id":"http:\/\/www.smutnesynagogi.pl\/index.php\/2022\/12\/28\/synagoga-w-krzepicach\/#primaryimage","url":"https:\/\/www.smutnesynagogi.pl\/wp-content\/uploads\/2022\/12\/8D985944-23B7-463C-BF56-F38B3726DAC1.jpeg","contentUrl":"https:\/\/www.smutnesynagogi.pl\/wp-content\/uploads\/2022\/12\/8D985944-23B7-463C-BF56-F38B3726DAC1.jpeg","width":1472,"height":1158,"caption":"Synagoga w Krzepicach, fot. R. Miernik dla 'Smutne Synagogi'"},{"@type":"BreadcrumbList","@id":"http:\/\/www.smutnesynagogi.pl\/index.php\/2022\/12\/28\/synagoga-w-krzepicach\/#breadcrumb","itemListElement":[{"@type":"ListItem","position":1,"name":"Strona g\u0142\u00f3wna","item":"https:\/\/www.smutnesynagogi.pl\/"},{"@type":"ListItem","position":2,"name":"Synagoga w Krzepicach"}]},{"@type":"WebSite","@id":"https:\/\/www.smutnesynagogi.pl\/#website","url":"https:\/\/www.smutnesynagogi.pl\/","name":"Smutne synagogi","description":"Robi\u0119 zdj\u0119cia synagogom i obiektom po\u017cydowskim, kt&oacute;re zabija polska szko\u0142a reklamy i ochrony zabytk&oacute;w","publisher":{"@id":"https:\/\/www.smutnesynagogi.pl\/#\/schema\/person\/0c7450f003789355636ab018cfb4a00f"},"potentialAction":[{"@type":"SearchAction","target":{"@type":"EntryPoint","urlTemplate":"https:\/\/www.smutnesynagogi.pl\/?s={search_term_string}"},"query-input":{"@type":"PropertyValueSpecification","valueRequired":true,"valueName":"search_term_string"}}],"inLanguage":"pl-PL"},{"@type":["Person","Organization"],"@id":"https:\/\/www.smutnesynagogi.pl\/#\/schema\/person\/0c7450f003789355636ab018cfb4a00f","name":"admin","image":{"@type":"ImageObject","inLanguage":"pl-PL","@id":"http:\/\/www.smutnesynagogi.pl\/wp-content\/uploads\/2021\/11\/Smutne-synagogi.png","url":"http:\/\/www.smutnesynagogi.pl\/wp-content\/uploads\/2021\/11\/Smutne-synagogi.png","contentUrl":"http:\/\/www.smutnesynagogi.pl\/wp-content\/uploads\/2021\/11\/Smutne-synagogi.png","width":1920,"height":450,"caption":"admin"},"logo":{"@id":"http:\/\/www.smutnesynagogi.pl\/wp-content\/uploads\/2021\/11\/Smutne-synagogi.png"},"sameAs":["http:\/\/www.smutnesynagogi.pl"],"url":"https:\/\/www.smutnesynagogi.pl\/index.php\/author\/admin\/"}]}},"jetpack_featured_media_url":"https:\/\/www.smutnesynagogi.pl\/wp-content\/uploads\/2022\/12\/8D985944-23B7-463C-BF56-F38B3726DAC1.jpeg","jetpack_sharing_enabled":true,"_links":{"self":[{"href":"https:\/\/www.smutnesynagogi.pl\/index.php\/wp-json\/wp\/v2\/posts\/613","targetHints":{"allow":["GET"]}}],"collection":[{"href":"https:\/\/www.smutnesynagogi.pl\/index.php\/wp-json\/wp\/v2\/posts"}],"about":[{"href":"https:\/\/www.smutnesynagogi.pl\/index.php\/wp-json\/wp\/v2\/types\/post"}],"author":[{"embeddable":true,"href":"https:\/\/www.smutnesynagogi.pl\/index.php\/wp-json\/wp\/v2\/users\/1"}],"replies":[{"embeddable":true,"href":"https:\/\/www.smutnesynagogi.pl\/index.php\/wp-json\/wp\/v2\/comments?post=613"}],"version-history":[{"count":2,"href":"https:\/\/www.smutnesynagogi.pl\/index.php\/wp-json\/wp\/v2\/posts\/613\/revisions"}],"predecessor-version":[{"id":621,"href":"https:\/\/www.smutnesynagogi.pl\/index.php\/wp-json\/wp\/v2\/posts\/613\/revisions\/621"}],"wp:featuredmedia":[{"embeddable":true,"href":"https:\/\/www.smutnesynagogi.pl\/index.php\/wp-json\/wp\/v2\/media\/615"}],"wp:attachment":[{"href":"https:\/\/www.smutnesynagogi.pl\/index.php\/wp-json\/wp\/v2\/media?parent=613"}],"wp:term":[{"taxonomy":"category","embeddable":true,"href":"https:\/\/www.smutnesynagogi.pl\/index.php\/wp-json\/wp\/v2\/categories?post=613"},{"taxonomy":"post_tag","embeddable":true,"href":"https:\/\/www.smutnesynagogi.pl\/index.php\/wp-json\/wp\/v2\/tags?post=613"}],"curies":[{"name":"wp","href":"https:\/\/api.w.org\/{rel}","templated":true}]}}