{"id":677,"date":"2022-12-28T18:52:59","date_gmt":"2022-12-28T18:52:59","guid":{"rendered":"http:\/\/www.smutnesynagogi.pl\/?p=677"},"modified":"2022-12-28T18:53:58","modified_gmt":"2022-12-28T18:53:58","slug":"synagoga-w-wielowsi","status":"publish","type":"post","link":"https:\/\/www.smutnesynagogi.pl\/index.php\/2022\/12\/28\/synagoga-w-wielowsi\/","title":{"rendered":"Synagoga w Wielowsi"},"content":{"rendered":"<div id=\"dslc-theme-content\"><div id=\"dslc-theme-content-inner\"><div id=\"attachment_683\" style=\"width: 2570px\" class=\"wp-caption aligncenter\"><img fetchpriority=\"high\" decoding=\"async\" aria-describedby=\"caption-attachment-683\" class=\"wp-image-683 size-full\" src=\"http:\/\/www.smutnesynagogi.pl\/wp-content\/uploads\/2022\/12\/2183CD1A-20CC-48B5-AD7E-FFFEA37A3244-3-scaled.jpeg\" alt=\"Synagoga w Wielowsi fot. R. Miernik dla &quot;Smutne Synagogi&quot;\" width=\"2560\" height=\"1902\" srcset=\"https:\/\/www.smutnesynagogi.pl\/wp-content\/uploads\/2022\/12\/2183CD1A-20CC-48B5-AD7E-FFFEA37A3244-3-scaled.jpeg 2048w, https:\/\/www.smutnesynagogi.pl\/wp-content\/uploads\/2022\/12\/2183CD1A-20CC-48B5-AD7E-FFFEA37A3244-3-scaled-600x446.jpeg 600w, https:\/\/www.smutnesynagogi.pl\/wp-content\/uploads\/2022\/12\/2183CD1A-20CC-48B5-AD7E-FFFEA37A3244-3-300x223.jpeg 300w, https:\/\/www.smutnesynagogi.pl\/wp-content\/uploads\/2022\/12\/2183CD1A-20CC-48B5-AD7E-FFFEA37A3244-3-1024x761.jpeg 1024w, https:\/\/www.smutnesynagogi.pl\/wp-content\/uploads\/2022\/12\/2183CD1A-20CC-48B5-AD7E-FFFEA37A3244-3-768x571.jpeg 768w, https:\/\/www.smutnesynagogi.pl\/wp-content\/uploads\/2022\/12\/2183CD1A-20CC-48B5-AD7E-FFFEA37A3244-3-1536x1141.jpeg 1536w, https:\/\/www.smutnesynagogi.pl\/wp-content\/uploads\/2022\/12\/2183CD1A-20CC-48B5-AD7E-FFFEA37A3244-3-1170x869.jpeg 1170w\" sizes=\"(max-width: 2560px) 100vw, 2560px\" \/><p id=\"caption-attachment-683\" class=\"wp-caption-text\">Synagoga w Wielowsi fot. R. Miernik dla \"Smutne Synagogi\"<\/p><\/div>\n<p>&nbsp;<\/p>\n<p>Wycieczki w poszukiwaniu synagog bywaj\u0105 zabawne. Czasami braknie paliwa, czasami zagin\u0119 w i\u0142\u017ceckiej puszczy, co pocz\u0105tkowo jest nawet \u015bmieszne, ale po dw\u00f3ch godzinach przestaje by\u0107. Do Wielowsi dojecha\u0142am z przeszkodami, ale uda\u0142o si\u0119. To najstarsza synagoga na G\u00f3rnym \u015al\u0105sku (powstanie datuje si\u0119 na po\u0142ow\u0119 XVIII w.) i naprawd\u0119 monumentalna budowla.<\/p>\n<h2>\u017bydzi w zachodniej Polsce<\/h2>\n<p>\u017bydzi mogli osiedla\u0107 si\u0119 na terenach habsburskiej Austrii po edykcie cesarza Ferdynanda, kt\u00f3ry pr\u00f3bowa\u0142 ratowa\u0107 pa\u0144stwo po zapa\u015bci gospodarczej spowodowanej wojn\u0105 trzydziestoletni\u0105 w XVII wieku.<\/p>\n<p>Zauwa\u017cy\u0142am, \u017ce im dalej na zach\u00f3d, tym odsetek \u017byd\u00f3w w spo\u0142eczno\u015bciach jest mniejszy. To dlatego, \u017ce zachodnie miasta by\u0142y du\u017co bardziej zaludnione. Szczyt liczebno\u015bci mieszka\u0144c\u00f3w \u017cydowskich w Wielowsi przypada na po\u0142ow\u0119 XIX wieku, p\u00f3\u017aniej \u017byd\u00f3w rozp\u0119dzi\u0142a po zachodniej Europie emigracja.<\/p>\n<h2>\u017bydzi wol\u0105 Niemcy?<\/h2>\n<p>To ju\u017c nie pierwszy przypadek, gdy w ramach plebiscytu ludno\u015b\u0107 \u017cydowska g\u0142osowa\u0142a w 1921 roku za pozostaniem miejscowo\u015bci w Niemczech. Plebiscyt z wynikiem pozytywnym dla Polski niewiele jednak zmieni\u0142 - Wielowie\u015b pozosta\u0142a w granicach niemieckich.<\/p>\n<p>Od 1933 roku pozosta\u0142a w Wielowsi ludno\u015b\u0107 \u017cydowska zacz\u0119\u0142a pada\u0107 ofiar\u0105 coraz wi\u0119kszych represji. Spora cz\u0119\u015b\u0107 z nich opu\u015bci\u0142a Wielowie\u015b przed Noc\u0105 Kryszta\u0142ow\u0105. W czasie jej trwania hitlerowcy podpalili synagog\u0119. Okaza\u0142o si\u0119 jednak, \u017ce budynek ju\u017c wtedy by\u0142 w\u0142asno\u015bci\u0105 prywatn\u0105, wobec czego umocowany do w\u0142adania Franz Bialek zagrozi\u0142 agresorom s\u0105dowym starciem. Po\u017car zosta\u0142 wi\u0119c ugaszony.<\/p>\n<p>Przetrwa\u0142a wi\u0119ksza cze\u015b\u0107 wyposa\u017cenia synagogi, jednak w\u0142adze nakaza\u0142y w\u0142a\u015bcicielowi pozby\u0107 si\u0119 ocala\u0142ych element\u00f3w i zburzy\u0107 kopu\u0142\u0119 zdobi\u0105c\u0105 wie\u017c\u0119. Mia\u0142o to na celu zatarcie obecno\u015bci \u017cydowskiej, a do Rzeszy trafi\u0142a informacja, \u017ce synagoga zosta\u0142a zniszczona, zgodnie z rozkazem.<\/p>\n<p>Pozosta\u0142e w mie\u015bcie pojedyncze osoby pochodzenia \u017cydowskiego by\u0142y prze\u015bladowane, a koniec ko\u0144c\u00f3w zosta\u0142y wywiezione do Auschwitz. Po wojnie budynek zosta\u0142 zaaran\u017cowany na magazyn zbo\u017ca, czego \u015blad wida\u0107 do dzi\u015b (zdj. nr 5). Tabliczki pami\u0105tkowej nie znalaz\u0142am, jednak pojawi\u0142a si\u0119 tabliczka informacyjna, \u017ce planowane s\u0105 prace zabezpieczaj\u0105ce synagog\u0119.<\/p>\n<p>&nbsp;<\/p>\n<h2>Galeria:<\/h2>\n\n\t\t<style type=\"text\/css\">\n\t\t\t#gallery-1 {\n\t\t\t\tmargin: auto;\n\t\t\t}\n\t\t\t#gallery-1 .gallery-item {\n\t\t\t\tfloat: left;\n\t\t\t\tmargin-top: 10px;\n\t\t\t\ttext-align: center;\n\t\t\t\twidth: 33%;\n\t\t\t}\n\t\t\t#gallery-1 img {\n\t\t\t\tborder: 2px solid #cfcfcf;\n\t\t\t}\n\t\t\t#gallery-1 .gallery-caption {\n\t\t\t\tmargin-left: 0;\n\t\t\t}\n\t\t\t\/* see gallery_shortcode() in wp-includes\/media.php *\/\n\t\t<\/style>\n\t\t<div id='gallery-1' class='gallery galleryid-677 gallery-columns-3 gallery-size-thumbnail'><dl class='gallery-item'>\n\t\t\t<dt class='gallery-icon landscape'>\n\t\t\t\t<a href='https:\/\/www.smutnesynagogi.pl\/index.php\/2022\/12\/28\/synagoga-w-wielowsi\/img_2288\/'><img decoding=\"async\" width=\"150\" height=\"150\" data-src=\"https:\/\/www.smutnesynagogi.pl\/wp-content\/uploads\/2022\/12\/IMG_2288-150x150.jpg\" class=\"attachment-thumbnail size-thumbnail lazyload\" alt=\"\" aria-describedby=\"gallery-1-690\" data-srcset=\"https:\/\/www.smutnesynagogi.pl\/wp-content\/uploads\/2022\/12\/IMG_2288-150x150.jpg 150w, https:\/\/www.smutnesynagogi.pl\/wp-content\/uploads\/2022\/12\/IMG_2288-scaled-300x300.jpg 300w, https:\/\/www.smutnesynagogi.pl\/wp-content\/uploads\/2022\/12\/IMG_2288-scaled-100x100.jpg 100w, https:\/\/www.smutnesynagogi.pl\/wp-content\/uploads\/2022\/12\/IMG_2288-500x500.jpg 500w, https:\/\/www.smutnesynagogi.pl\/wp-content\/uploads\/2022\/12\/IMG_2288-800x800.jpg 800w\" data-sizes=\"(max-width: 150px) 100vw, 150px\" src=\"data:image\/svg+xml;base64,PHN2ZyB3aWR0aD0iMSIgaGVpZ2h0PSIxIiB4bWxucz0iaHR0cDovL3d3dy53My5vcmcvMjAwMC9zdmciPjwvc3ZnPg==\" style=\"--smush-placeholder-width: 150px; --smush-placeholder-aspect-ratio: 150\/150;\" \/><\/a>\n\t\t\t<\/dt>\n\t\t\t\t<dd class='wp-caption-text gallery-caption' id='gallery-1-690'>\n\t\t\t\tSynagoga w Wielowsi fot. R. Miernik dla \"Smutne Synagogi\"\n\t\t\t\t<\/dd><\/dl><dl class='gallery-item'>\n\t\t\t<dt class='gallery-icon landscape'>\n\t\t\t\t<a href='https:\/\/www.smutnesynagogi.pl\/index.php\/2022\/12\/28\/synagoga-w-wielowsi\/img_2291\/'><img decoding=\"async\" width=\"150\" height=\"150\" data-src=\"https:\/\/www.smutnesynagogi.pl\/wp-content\/uploads\/2022\/12\/IMG_2291-150x150.jpg\" class=\"attachment-thumbnail size-thumbnail lazyload\" alt=\"\" aria-describedby=\"gallery-1-691\" data-srcset=\"https:\/\/www.smutnesynagogi.pl\/wp-content\/uploads\/2022\/12\/IMG_2291-150x150.jpg 150w, https:\/\/www.smutnesynagogi.pl\/wp-content\/uploads\/2022\/12\/IMG_2291-scaled-300x300.jpg 300w, https:\/\/www.smutnesynagogi.pl\/wp-content\/uploads\/2022\/12\/IMG_2291-scaled-100x100.jpg 100w, https:\/\/www.smutnesynagogi.pl\/wp-content\/uploads\/2022\/12\/IMG_2291-500x500.jpg 500w, https:\/\/www.smutnesynagogi.pl\/wp-content\/uploads\/2022\/12\/IMG_2291-800x800.jpg 800w\" data-sizes=\"(max-width: 150px) 100vw, 150px\" src=\"data:image\/svg+xml;base64,PHN2ZyB3aWR0aD0iMSIgaGVpZ2h0PSIxIiB4bWxucz0iaHR0cDovL3d3dy53My5vcmcvMjAwMC9zdmciPjwvc3ZnPg==\" style=\"--smush-placeholder-width: 150px; --smush-placeholder-aspect-ratio: 150\/150;\" \/><\/a>\n\t\t\t<\/dt>\n\t\t\t\t<dd class='wp-caption-text gallery-caption' id='gallery-1-691'>\n\t\t\t\tSynagoga w Wielowsi fot. R. Miernik dla \"Smutne Synagogi\"\n\t\t\t\t<\/dd><\/dl><dl class='gallery-item'>\n\t\t\t<dt class='gallery-icon landscape'>\n\t\t\t\t<a href='https:\/\/www.smutnesynagogi.pl\/index.php\/2022\/12\/28\/synagoga-w-wielowsi\/13f19543-c447-4763-8cc4-0696fe1d1eb3\/'><img decoding=\"async\" width=\"150\" height=\"150\" data-src=\"https:\/\/www.smutnesynagogi.pl\/wp-content\/uploads\/2022\/12\/13F19543-C447-4763-8CC4-0696FE1D1EB3-150x150.jpeg\" class=\"attachment-thumbnail size-thumbnail lazyload\" alt=\"\" aria-describedby=\"gallery-1-684\" data-srcset=\"https:\/\/www.smutnesynagogi.pl\/wp-content\/uploads\/2022\/12\/13F19543-C447-4763-8CC4-0696FE1D1EB3-150x150.jpeg 150w, https:\/\/www.smutnesynagogi.pl\/wp-content\/uploads\/2022\/12\/13F19543-C447-4763-8CC4-0696FE1D1EB3-scaled-300x300.jpeg 300w, https:\/\/www.smutnesynagogi.pl\/wp-content\/uploads\/2022\/12\/13F19543-C447-4763-8CC4-0696FE1D1EB3-scaled-100x100.jpeg 100w, https:\/\/www.smutnesynagogi.pl\/wp-content\/uploads\/2022\/12\/13F19543-C447-4763-8CC4-0696FE1D1EB3-500x500.jpeg 500w, https:\/\/www.smutnesynagogi.pl\/wp-content\/uploads\/2022\/12\/13F19543-C447-4763-8CC4-0696FE1D1EB3-800x800.jpeg 800w\" data-sizes=\"(max-width: 150px) 100vw, 150px\" src=\"data:image\/svg+xml;base64,PHN2ZyB3aWR0aD0iMSIgaGVpZ2h0PSIxIiB4bWxucz0iaHR0cDovL3d3dy53My5vcmcvMjAwMC9zdmciPjwvc3ZnPg==\" style=\"--smush-placeholder-width: 150px; --smush-placeholder-aspect-ratio: 150\/150;\" \/><\/a>\n\t\t\t<\/dt>\n\t\t\t\t<dd class='wp-caption-text gallery-caption' id='gallery-1-684'>\n\t\t\t\tSynagoga w Wielowsi fot. R. Miernik dla \"Smutne Synagogi\"\n\t\t\t\t<\/dd><\/dl><br style=\"clear: both\" \/><dl class='gallery-item'>\n\t\t\t<dt class='gallery-icon landscape'>\n\t\t\t\t<a href='https:\/\/www.smutnesynagogi.pl\/index.php\/2022\/12\/28\/synagoga-w-wielowsi\/185c26c4-2c26-4eee-baca-bbb955c525ee\/'><img decoding=\"async\" width=\"150\" height=\"150\" data-src=\"https:\/\/www.smutnesynagogi.pl\/wp-content\/uploads\/2022\/12\/185C26C4-2C26-4EEE-BACA-BBB955C525EE-150x150.jpeg\" class=\"attachment-thumbnail size-thumbnail lazyload\" alt=\"\" aria-describedby=\"gallery-1-682\" data-srcset=\"https:\/\/www.smutnesynagogi.pl\/wp-content\/uploads\/2022\/12\/185C26C4-2C26-4EEE-BACA-BBB955C525EE-150x150.jpeg 150w, https:\/\/www.smutnesynagogi.pl\/wp-content\/uploads\/2022\/12\/185C26C4-2C26-4EEE-BACA-BBB955C525EE-scaled-300x300.jpeg 300w, https:\/\/www.smutnesynagogi.pl\/wp-content\/uploads\/2022\/12\/185C26C4-2C26-4EEE-BACA-BBB955C525EE-scaled-100x100.jpeg 100w, https:\/\/www.smutnesynagogi.pl\/wp-content\/uploads\/2022\/12\/185C26C4-2C26-4EEE-BACA-BBB955C525EE-500x500.jpeg 500w, https:\/\/www.smutnesynagogi.pl\/wp-content\/uploads\/2022\/12\/185C26C4-2C26-4EEE-BACA-BBB955C525EE-800x800.jpeg 800w\" data-sizes=\"(max-width: 150px) 100vw, 150px\" src=\"data:image\/svg+xml;base64,PHN2ZyB3aWR0aD0iMSIgaGVpZ2h0PSIxIiB4bWxucz0iaHR0cDovL3d3dy53My5vcmcvMjAwMC9zdmciPjwvc3ZnPg==\" style=\"--smush-placeholder-width: 150px; --smush-placeholder-aspect-ratio: 150\/150;\" \/><\/a>\n\t\t\t<\/dt>\n\t\t\t\t<dd class='wp-caption-text gallery-caption' id='gallery-1-682'>\n\t\t\t\tSynagoga w Wielowsi fot. R. Miernik dla \"Smutne Synagogi\"\n\t\t\t\t<\/dd><\/dl><dl class='gallery-item'>\n\t\t\t<dt class='gallery-icon landscape'>\n\t\t\t\t<a href='https:\/\/www.smutnesynagogi.pl\/index.php\/2022\/12\/28\/synagoga-w-wielowsi\/img_2284\/'><img decoding=\"async\" width=\"150\" height=\"150\" data-src=\"https:\/\/www.smutnesynagogi.pl\/wp-content\/uploads\/2022\/12\/IMG_2284-150x150.jpg\" class=\"attachment-thumbnail size-thumbnail lazyload\" alt=\"\" aria-describedby=\"gallery-1-688\" data-srcset=\"https:\/\/www.smutnesynagogi.pl\/wp-content\/uploads\/2022\/12\/IMG_2284-150x150.jpg 150w, https:\/\/www.smutnesynagogi.pl\/wp-content\/uploads\/2022\/12\/IMG_2284-scaled-300x300.jpg 300w, https:\/\/www.smutnesynagogi.pl\/wp-content\/uploads\/2022\/12\/IMG_2284-scaled-100x100.jpg 100w, https:\/\/www.smutnesynagogi.pl\/wp-content\/uploads\/2022\/12\/IMG_2284-500x500.jpg 500w, https:\/\/www.smutnesynagogi.pl\/wp-content\/uploads\/2022\/12\/IMG_2284-800x800.jpg 800w\" data-sizes=\"(max-width: 150px) 100vw, 150px\" src=\"data:image\/svg+xml;base64,PHN2ZyB3aWR0aD0iMSIgaGVpZ2h0PSIxIiB4bWxucz0iaHR0cDovL3d3dy53My5vcmcvMjAwMC9zdmciPjwvc3ZnPg==\" style=\"--smush-placeholder-width: 150px; --smush-placeholder-aspect-ratio: 150\/150;\" \/><\/a>\n\t\t\t<\/dt>\n\t\t\t\t<dd class='wp-caption-text gallery-caption' id='gallery-1-688'>\n\t\t\t\tSynagoga w Wielowsi fot. R. Miernik dla \"Smutne Synagogi\"\n\t\t\t\t<\/dd><\/dl><dl class='gallery-item'>\n\t\t\t<dt class='gallery-icon landscape'>\n\t\t\t\t<a href='https:\/\/www.smutnesynagogi.pl\/index.php\/2022\/12\/28\/synagoga-w-wielowsi\/img_2283\/'><img decoding=\"async\" width=\"150\" height=\"150\" data-src=\"https:\/\/www.smutnesynagogi.pl\/wp-content\/uploads\/2022\/12\/IMG_2283-150x150.jpg\" class=\"attachment-thumbnail size-thumbnail lazyload\" alt=\"\" aria-describedby=\"gallery-1-687\" data-srcset=\"https:\/\/www.smutnesynagogi.pl\/wp-content\/uploads\/2022\/12\/IMG_2283-150x150.jpg 150w, https:\/\/www.smutnesynagogi.pl\/wp-content\/uploads\/2022\/12\/IMG_2283-scaled-300x300.jpg 300w, https:\/\/www.smutnesynagogi.pl\/wp-content\/uploads\/2022\/12\/IMG_2283-scaled-100x100.jpg 100w, https:\/\/www.smutnesynagogi.pl\/wp-content\/uploads\/2022\/12\/IMG_2283-500x500.jpg 500w, https:\/\/www.smutnesynagogi.pl\/wp-content\/uploads\/2022\/12\/IMG_2283-800x800.jpg 800w\" data-sizes=\"(max-width: 150px) 100vw, 150px\" src=\"data:image\/svg+xml;base64,PHN2ZyB3aWR0aD0iMSIgaGVpZ2h0PSIxIiB4bWxucz0iaHR0cDovL3d3dy53My5vcmcvMjAwMC9zdmciPjwvc3ZnPg==\" style=\"--smush-placeholder-width: 150px; --smush-placeholder-aspect-ratio: 150\/150;\" \/><\/a>\n\t\t\t<\/dt>\n\t\t\t\t<dd class='wp-caption-text gallery-caption' id='gallery-1-687'>\n\t\t\t\tSynagoga w Wielowsi fot. R. Miernik dla \"Smutne Synagogi\"\n\t\t\t\t<\/dd><\/dl><br style=\"clear: both\" \/><dl class='gallery-item'>\n\t\t\t<dt class='gallery-icon landscape'>\n\t\t\t\t<a href='https:\/\/www.smutnesynagogi.pl\/index.php\/2022\/12\/28\/synagoga-w-wielowsi\/8e751db7-ebc8-4691-9131-ffd455857bd0\/'><img decoding=\"async\" width=\"150\" height=\"150\" data-src=\"https:\/\/www.smutnesynagogi.pl\/wp-content\/uploads\/2022\/12\/8E751DB7-EBC8-4691-9131-FFD455857BD0-150x150.jpeg\" class=\"attachment-thumbnail size-thumbnail lazyload\" alt=\"\" aria-describedby=\"gallery-1-681\" data-srcset=\"https:\/\/www.smutnesynagogi.pl\/wp-content\/uploads\/2022\/12\/8E751DB7-EBC8-4691-9131-FFD455857BD0-150x150.jpeg 150w, https:\/\/www.smutnesynagogi.pl\/wp-content\/uploads\/2022\/12\/8E751DB7-EBC8-4691-9131-FFD455857BD0-scaled-300x300.jpeg 300w, https:\/\/www.smutnesynagogi.pl\/wp-content\/uploads\/2022\/12\/8E751DB7-EBC8-4691-9131-FFD455857BD0-scaled-100x100.jpeg 100w, https:\/\/www.smutnesynagogi.pl\/wp-content\/uploads\/2022\/12\/8E751DB7-EBC8-4691-9131-FFD455857BD0-500x500.jpeg 500w, https:\/\/www.smutnesynagogi.pl\/wp-content\/uploads\/2022\/12\/8E751DB7-EBC8-4691-9131-FFD455857BD0-800x800.jpeg 800w\" data-sizes=\"(max-width: 150px) 100vw, 150px\" src=\"data:image\/svg+xml;base64,PHN2ZyB3aWR0aD0iMSIgaGVpZ2h0PSIxIiB4bWxucz0iaHR0cDovL3d3dy53My5vcmcvMjAwMC9zdmciPjwvc3ZnPg==\" style=\"--smush-placeholder-width: 150px; --smush-placeholder-aspect-ratio: 150\/150;\" \/><\/a>\n\t\t\t<\/dt>\n\t\t\t\t<dd class='wp-caption-text gallery-caption' id='gallery-1-681'>\n\t\t\t\tSynagoga w Wielowsi fot. R. Miernik dla \"Smutne Synagogi\"\n\t\t\t\t<\/dd><\/dl><dl class='gallery-item'>\n\t\t\t<dt class='gallery-icon landscape'>\n\t\t\t\t<a href='https:\/\/www.smutnesynagogi.pl\/index.php\/2022\/12\/28\/synagoga-w-wielowsi\/img_2267\/'><img decoding=\"async\" width=\"150\" height=\"150\" data-src=\"https:\/\/www.smutnesynagogi.pl\/wp-content\/uploads\/2022\/12\/IMG_2267-150x150.jpg\" class=\"attachment-thumbnail size-thumbnail lazyload\" alt=\"\" aria-describedby=\"gallery-1-680\" data-srcset=\"https:\/\/www.smutnesynagogi.pl\/wp-content\/uploads\/2022\/12\/IMG_2267-150x150.jpg 150w, https:\/\/www.smutnesynagogi.pl\/wp-content\/uploads\/2022\/12\/IMG_2267-scaled-300x300.jpg 300w, https:\/\/www.smutnesynagogi.pl\/wp-content\/uploads\/2022\/12\/IMG_2267-scaled-100x100.jpg 100w, https:\/\/www.smutnesynagogi.pl\/wp-content\/uploads\/2022\/12\/IMG_2267-500x500.jpg 500w, https:\/\/www.smutnesynagogi.pl\/wp-content\/uploads\/2022\/12\/IMG_2267-800x800.jpg 800w\" data-sizes=\"(max-width: 150px) 100vw, 150px\" src=\"data:image\/svg+xml;base64,PHN2ZyB3aWR0aD0iMSIgaGVpZ2h0PSIxIiB4bWxucz0iaHR0cDovL3d3dy53My5vcmcvMjAwMC9zdmciPjwvc3ZnPg==\" style=\"--smush-placeholder-width: 150px; --smush-placeholder-aspect-ratio: 150\/150;\" \/><\/a>\n\t\t\t<\/dt>\n\t\t\t\t<dd class='wp-caption-text gallery-caption' id='gallery-1-680'>\n\t\t\t\tSynagoga w Wielowsi fot. R. Miernik dla \"Smutne Synagogi\"\n\t\t\t\t<\/dd><\/dl><dl class='gallery-item'>\n\t\t\t<dt class='gallery-icon landscape'>\n\t\t\t\t<a href='https:\/\/www.smutnesynagogi.pl\/index.php\/2022\/12\/28\/synagoga-w-wielowsi\/img_2286\/'><img decoding=\"async\" width=\"150\" height=\"150\" data-src=\"https:\/\/www.smutnesynagogi.pl\/wp-content\/uploads\/2022\/12\/IMG_2286-150x150.jpg\" class=\"attachment-thumbnail size-thumbnail lazyload\" alt=\"\" aria-describedby=\"gallery-1-689\" data-srcset=\"https:\/\/www.smutnesynagogi.pl\/wp-content\/uploads\/2022\/12\/IMG_2286-150x150.jpg 150w, https:\/\/www.smutnesynagogi.pl\/wp-content\/uploads\/2022\/12\/IMG_2286-scaled-300x300.jpg 300w, https:\/\/www.smutnesynagogi.pl\/wp-content\/uploads\/2022\/12\/IMG_2286-scaled-100x100.jpg 100w, https:\/\/www.smutnesynagogi.pl\/wp-content\/uploads\/2022\/12\/IMG_2286-500x500.jpg 500w, https:\/\/www.smutnesynagogi.pl\/wp-content\/uploads\/2022\/12\/IMG_2286-800x800.jpg 800w\" data-sizes=\"(max-width: 150px) 100vw, 150px\" src=\"data:image\/svg+xml;base64,PHN2ZyB3aWR0aD0iMSIgaGVpZ2h0PSIxIiB4bWxucz0iaHR0cDovL3d3dy53My5vcmcvMjAwMC9zdmciPjwvc3ZnPg==\" style=\"--smush-placeholder-width: 150px; --smush-placeholder-aspect-ratio: 150\/150;\" \/><\/a>\n\t\t\t<\/dt>\n\t\t\t\t<dd class='wp-caption-text gallery-caption' id='gallery-1-689'>\n\t\t\t\tSynagoga w Wielowsi fot. R. Miernik dla \"Smutne Synagogi\"\n\t\t\t\t<\/dd><\/dl><br style=\"clear: both\" \/><dl class='gallery-item'>\n\t\t\t<dt class='gallery-icon landscape'>\n\t\t\t\t<a href='https:\/\/www.smutnesynagogi.pl\/index.php\/2022\/12\/28\/synagoga-w-wielowsi\/img_2281\/'><img decoding=\"async\" width=\"150\" height=\"150\" data-src=\"https:\/\/www.smutnesynagogi.pl\/wp-content\/uploads\/2022\/12\/IMG_2281-150x150.jpg\" class=\"attachment-thumbnail size-thumbnail lazyload\" alt=\"\" aria-describedby=\"gallery-1-685\" data-srcset=\"https:\/\/www.smutnesynagogi.pl\/wp-content\/uploads\/2022\/12\/IMG_2281-150x150.jpg 150w, https:\/\/www.smutnesynagogi.pl\/wp-content\/uploads\/2022\/12\/IMG_2281-300x300.jpg 300w, https:\/\/www.smutnesynagogi.pl\/wp-content\/uploads\/2022\/12\/IMG_2281-100x100.jpg 100w, https:\/\/www.smutnesynagogi.pl\/wp-content\/uploads\/2022\/12\/IMG_2281-500x500.jpg 500w, https:\/\/www.smutnesynagogi.pl\/wp-content\/uploads\/2022\/12\/IMG_2281-800x800.jpg 800w\" data-sizes=\"(max-width: 150px) 100vw, 150px\" src=\"data:image\/svg+xml;base64,PHN2ZyB3aWR0aD0iMSIgaGVpZ2h0PSIxIiB4bWxucz0iaHR0cDovL3d3dy53My5vcmcvMjAwMC9zdmciPjwvc3ZnPg==\" style=\"--smush-placeholder-width: 150px; --smush-placeholder-aspect-ratio: 150\/150;\" \/><\/a>\n\t\t\t<\/dt>\n\t\t\t\t<dd class='wp-caption-text gallery-caption' id='gallery-1-685'>\n\t\t\t\tSynagoga w Wielowsi fot. R. Miernik dla \"Smutne Synagogi\"\n\t\t\t\t<\/dd><\/dl><dl class='gallery-item'>\n\t\t\t<dt class='gallery-icon landscape'>\n\t\t\t\t<a href='https:\/\/www.smutnesynagogi.pl\/index.php\/2022\/12\/28\/synagoga-w-wielowsi\/img_2265\/'><img decoding=\"async\" width=\"150\" height=\"150\" data-src=\"https:\/\/www.smutnesynagogi.pl\/wp-content\/uploads\/2022\/12\/IMG_2265-150x150.jpg\" class=\"attachment-thumbnail size-thumbnail lazyload\" alt=\"Synagoga w Wielowsi fot. R. Miernik dla &quot;Smutne Synagogi&quot;\" aria-describedby=\"gallery-1-679\" data-srcset=\"https:\/\/www.smutnesynagogi.pl\/wp-content\/uploads\/2022\/12\/IMG_2265-150x150.jpg 150w, https:\/\/www.smutnesynagogi.pl\/wp-content\/uploads\/2022\/12\/IMG_2265-scaled-300x300.jpg 300w, https:\/\/www.smutnesynagogi.pl\/wp-content\/uploads\/2022\/12\/IMG_2265-scaled-100x100.jpg 100w, https:\/\/www.smutnesynagogi.pl\/wp-content\/uploads\/2022\/12\/IMG_2265-500x500.jpg 500w, https:\/\/www.smutnesynagogi.pl\/wp-content\/uploads\/2022\/12\/IMG_2265-800x800.jpg 800w\" data-sizes=\"(max-width: 150px) 100vw, 150px\" src=\"data:image\/svg+xml;base64,PHN2ZyB3aWR0aD0iMSIgaGVpZ2h0PSIxIiB4bWxucz0iaHR0cDovL3d3dy53My5vcmcvMjAwMC9zdmciPjwvc3ZnPg==\" style=\"--smush-placeholder-width: 150px; --smush-placeholder-aspect-ratio: 150\/150;\" \/><\/a>\n\t\t\t<\/dt>\n\t\t\t\t<dd class='wp-caption-text gallery-caption' id='gallery-1-679'>\n\t\t\t\tSynagoga w Wielowsi fot. R. Miernik dla \"Smutne Synagogi\"\n\t\t\t\t<\/dd><\/dl>\n\t\t\t<br style='clear: both' \/>\n\t\t<\/div>\n\n<\/div><\/div>","protected":false},"excerpt":{"rendered":"<p>&nbsp; Wycieczki w poszukiwaniu synagog bywaj\u0105 zabawne. Czasami braknie paliwa, czasami zagin\u0119 w i\u0142\u017ceckiej puszczy, co pocz\u0105tkowo jest nawet \u015bmieszne, ale po dw\u00f3ch godzinach przestaje by\u0107. Do Wielowsi dojecha\u0142am z przeszkodami, ale uda\u0142o si\u0119. To najstarsza synagoga na G\u00f3rnym \u015al\u0105sku (powstanie datuje si\u0119 na po\u0142ow\u0119 XVIII w.) i naprawd\u0119 monumentalna budowla. \u017bydzi w zachodniej Polsce \u017bydzi mogli osiedla\u0107 si\u0119 na terenach habsburskiej Austrii po edykcie cesarza Ferdynanda, kt\u00f3ry pr\u00f3bowa\u0142 ratowa\u0107 pa\u0144stwo po zapa\u015bci gospodarczej spowodowanej wojn\u0105 trzydziestoletni\u0105 w XVII wieku. Zauwa\u017cy\u0142am, \u017ce im dalej na zach\u00f3d, tym odsetek \u017byd\u00f3w w spo\u0142eczno\u015bciach jest mniejszy. To dlatego, \u017ce zachodnie miasta by\u0142y du\u017co bardziej zaludnione. Szczyt liczebno\u015bci mieszka\u0144c\u00f3w \u017cydowskich w Wielowsi przypada na po\u0142ow\u0119 XIX wieku, p\u00f3\u017aniej \u017byd\u00f3w rozp\u0119dzi\u0142a po zachodniej Europie emigracja. \u017bydzi wol\u0105 Niemcy? To ju\u017c nie pierwszy przypadek, gdy w ramach plebiscytu ludno\u015b\u0107 \u017cydowska g\u0142osowa\u0142a w 1921 roku za pozostaniem miejscowo\u015bci w Niemczech. Plebiscyt z wynikiem pozytywnym dla Polski niewiele jednak zmieni\u0142 - Wielowie\u015b pozosta\u0142a w granicach niemieckich. Od 1933 roku pozosta\u0142a w Wielowsi ludno\u015b\u0107 \u017cydowska zacz\u0119\u0142a pada\u0107 ofiar\u0105 coraz wi\u0119kszych represji. Spora cz\u0119\u015b\u0107 z nich opu\u015bci\u0142a Wielowie\u015b przed Noc\u0105 Kryszta\u0142ow\u0105. W czasie jej trwania hitlerowcy podpalili synagog\u0119. Okaza\u0142o si\u0119 jednak, \u017ce budynek ju\u017c wtedy by\u0142 w\u0142asno\u015bci\u0105 prywatn\u0105, wobec czego umocowany do w\u0142adania Franz Bialek zagrozi\u0142 agresorom s\u0105dowym starciem. Po\u017car zosta\u0142 wi\u0119c ugaszony. Przetrwa\u0142a wi\u0119ksza cze\u015b\u0107 wyposa\u017cenia synagogi, jednak w\u0142adze nakaza\u0142y w\u0142a\u015bcicielowi pozby\u0107 si\u0119 ocala\u0142ych element\u00f3w i zburzy\u0107 kopu\u0142\u0119 zdobi\u0105c\u0105 wie\u017c\u0119. Mia\u0142o to na celu zatarcie obecno\u015bci \u017cydowskiej, a do Rzeszy trafi\u0142a informacja, \u017ce synagoga zosta\u0142a zniszczona, zgodnie z rozkazem. Pozosta\u0142e w mie\u015bcie pojedyncze osoby pochodzenia \u017cydowskiego by\u0142y prze\u015bladowane, a koniec ko\u0144c\u00f3w zosta\u0142y wywiezione do Auschwitz. Po wojnie budynek zosta\u0142 zaaran\u017cowany na magazyn zbo\u017ca, czego \u015blad wida\u0107 do dzi\u015b (zdj. nr 5). Tabliczki pami\u0105tkowej nie znalaz\u0142am, jednak pojawi\u0142a si\u0119 tabliczka informacyjna, \u017ce planowane s\u0105 prace zabezpieczaj\u0105ce synagog\u0119. &nbsp; Galeria:<\/p>\n","protected":false},"author":1,"featured_media":683,"comment_status":"open","ping_status":"open","sticky":false,"template":"","format":"standard","meta":{"_monsterinsights_skip_tracking":false,"_monsterinsights_sitenote_active":false,"_monsterinsights_sitenote_note":"","_monsterinsights_sitenote_category":0,"_jetpack_memberships_contains_paid_content":false,"footnotes":""},"categories":[1],"tags":[56,93,84,8,28,4,32],"class_list":["post-677","post","type-post","status-publish","format-standard","has-post-thumbnail","hentry","category-smutne-synagogi","tag-historia","tag-slask","tag-slaskie","tag-smutne-synagogi","tag-synagoga","tag-zydzi","tag-zydzi-polscy"],"aioseo_notices":[],"yoast_head":"<!-- This site is optimized with the Yoast SEO plugin v27.4 - https:\/\/yoast.com\/product\/yoast-seo-wordpress\/ -->\n<title>Synagoga w Wielowsi - Smutne synagogi<\/title>\n<meta name=\"description\" content=\"Do Wielowsi dojecha\u0142am z przeszkodami, ale uda\u0142o si\u0119. To najstarsza synagoga na G\u00f3rnym \u015al\u0105sku (powstanie datuje si\u0119 na po\u0142ow\u0119 XVIII w.)\" \/>\n<meta name=\"robots\" content=\"index, follow, max-snippet:-1, max-image-preview:large, max-video-preview:-1\" \/>\n<link rel=\"canonical\" href=\"http:\/\/www.smutnesynagogi.pl\/index.php\/2022\/12\/28\/synagoga-w-wielowsi\/\" \/>\n<meta property=\"og:locale\" content=\"pl_PL\" \/>\n<meta property=\"og:type\" content=\"article\" \/>\n<meta property=\"og:title\" content=\"Synagoga w Wielowsi - Smutne synagogi\" \/>\n<meta property=\"og:description\" content=\"Do Wielowsi dojecha\u0142am z przeszkodami, ale uda\u0142o si\u0119. To najstarsza synagoga na G\u00f3rnym \u015al\u0105sku (powstanie datuje si\u0119 na po\u0142ow\u0119 XVIII w.)\" \/>\n<meta property=\"og:url\" content=\"http:\/\/www.smutnesynagogi.pl\/index.php\/2022\/12\/28\/synagoga-w-wielowsi\/\" \/>\n<meta property=\"og:site_name\" content=\"Smutne synagogi\" \/>\n<meta property=\"article:published_time\" content=\"2022-12-28T18:52:59+00:00\" \/>\n<meta property=\"article:modified_time\" content=\"2022-12-28T18:53:58+00:00\" \/>\n<meta property=\"og:image\" content=\"http:\/\/www.smutnesynagogi.pl\/wp-content\/uploads\/2022\/12\/2183CD1A-20CC-48B5-AD7E-FFFEA37A3244-3-scaled.jpeg\" \/>\n\t<meta property=\"og:image:width\" content=\"2560\" \/>\n\t<meta property=\"og:image:height\" content=\"1902\" \/>\n\t<meta property=\"og:image:type\" content=\"image\/jpeg\" \/>\n<meta name=\"author\" content=\"admin\" \/>\n<meta name=\"twitter:card\" content=\"summary_large_image\" \/>\n<meta name=\"twitter:label1\" content=\"Napisane przez\" \/>\n\t<meta name=\"twitter:data1\" content=\"admin\" \/>\n\t<meta name=\"twitter:label2\" content=\"Szacowany czas czytania\" \/>\n\t<meta name=\"twitter:data2\" content=\"3 minuty\" \/>\n<script type=\"application\/ld+json\" class=\"yoast-schema-graph\">{\"@context\":\"https:\\\/\\\/schema.org\",\"@graph\":[{\"@type\":\"Article\",\"@id\":\"http:\\\/\\\/www.smutnesynagogi.pl\\\/index.php\\\/2022\\\/12\\\/28\\\/synagoga-w-wielowsi\\\/#article\",\"isPartOf\":{\"@id\":\"http:\\\/\\\/www.smutnesynagogi.pl\\\/index.php\\\/2022\\\/12\\\/28\\\/synagoga-w-wielowsi\\\/\"},\"author\":{\"name\":\"admin\",\"@id\":\"https:\\\/\\\/www.smutnesynagogi.pl\\\/#\\\/schema\\\/person\\\/0c7450f003789355636ab018cfb4a00f\"},\"headline\":\"Synagoga w Wielowsi\",\"datePublished\":\"2022-12-28T18:52:59+00:00\",\"dateModified\":\"2022-12-28T18:53:58+00:00\",\"mainEntityOfPage\":{\"@id\":\"http:\\\/\\\/www.smutnesynagogi.pl\\\/index.php\\\/2022\\\/12\\\/28\\\/synagoga-w-wielowsi\\\/\"},\"wordCount\":389,\"commentCount\":0,\"publisher\":{\"@id\":\"https:\\\/\\\/www.smutnesynagogi.pl\\\/#\\\/schema\\\/person\\\/0c7450f003789355636ab018cfb4a00f\"},\"image\":{\"@id\":\"http:\\\/\\\/www.smutnesynagogi.pl\\\/index.php\\\/2022\\\/12\\\/28\\\/synagoga-w-wielowsi\\\/#primaryimage\"},\"thumbnailUrl\":\"https:\\\/\\\/www.smutnesynagogi.pl\\\/wp-content\\\/uploads\\\/2022\\\/12\\\/2183CD1A-20CC-48B5-AD7E-FFFEA37A3244-3-scaled.jpeg\",\"keywords\":[\"historia\",\"\u015bl\u0105sk\",\"\u015bl\u0105skie\",\"smutne synagogi\",\"synagoga\",\"\u017cydzi\",\"\u017cydzi polscy\"],\"articleSection\":[\"smutne synagogi\"],\"inLanguage\":\"pl-PL\",\"potentialAction\":[{\"@type\":\"CommentAction\",\"name\":\"Comment\",\"target\":[\"http:\\\/\\\/www.smutnesynagogi.pl\\\/index.php\\\/2022\\\/12\\\/28\\\/synagoga-w-wielowsi\\\/#respond\"]}]},{\"@type\":\"WebPage\",\"@id\":\"http:\\\/\\\/www.smutnesynagogi.pl\\\/index.php\\\/2022\\\/12\\\/28\\\/synagoga-w-wielowsi\\\/\",\"url\":\"http:\\\/\\\/www.smutnesynagogi.pl\\\/index.php\\\/2022\\\/12\\\/28\\\/synagoga-w-wielowsi\\\/\",\"name\":\"Synagoga w Wielowsi - Smutne synagogi\",\"isPartOf\":{\"@id\":\"https:\\\/\\\/www.smutnesynagogi.pl\\\/#website\"},\"primaryImageOfPage\":{\"@id\":\"http:\\\/\\\/www.smutnesynagogi.pl\\\/index.php\\\/2022\\\/12\\\/28\\\/synagoga-w-wielowsi\\\/#primaryimage\"},\"image\":{\"@id\":\"http:\\\/\\\/www.smutnesynagogi.pl\\\/index.php\\\/2022\\\/12\\\/28\\\/synagoga-w-wielowsi\\\/#primaryimage\"},\"thumbnailUrl\":\"https:\\\/\\\/www.smutnesynagogi.pl\\\/wp-content\\\/uploads\\\/2022\\\/12\\\/2183CD1A-20CC-48B5-AD7E-FFFEA37A3244-3-scaled.jpeg\",\"datePublished\":\"2022-12-28T18:52:59+00:00\",\"dateModified\":\"2022-12-28T18:53:58+00:00\",\"description\":\"Do Wielowsi dojecha\u0142am z przeszkodami, ale uda\u0142o si\u0119. To najstarsza synagoga na G\u00f3rnym \u015al\u0105sku (powstanie datuje si\u0119 na po\u0142ow\u0119 XVIII w.)\",\"breadcrumb\":{\"@id\":\"http:\\\/\\\/www.smutnesynagogi.pl\\\/index.php\\\/2022\\\/12\\\/28\\\/synagoga-w-wielowsi\\\/#breadcrumb\"},\"inLanguage\":\"pl-PL\",\"potentialAction\":[{\"@type\":\"ReadAction\",\"target\":[\"http:\\\/\\\/www.smutnesynagogi.pl\\\/index.php\\\/2022\\\/12\\\/28\\\/synagoga-w-wielowsi\\\/\"]}]},{\"@type\":\"ImageObject\",\"inLanguage\":\"pl-PL\",\"@id\":\"http:\\\/\\\/www.smutnesynagogi.pl\\\/index.php\\\/2022\\\/12\\\/28\\\/synagoga-w-wielowsi\\\/#primaryimage\",\"url\":\"https:\\\/\\\/www.smutnesynagogi.pl\\\/wp-content\\\/uploads\\\/2022\\\/12\\\/2183CD1A-20CC-48B5-AD7E-FFFEA37A3244-3-scaled.jpeg\",\"contentUrl\":\"https:\\\/\\\/www.smutnesynagogi.pl\\\/wp-content\\\/uploads\\\/2022\\\/12\\\/2183CD1A-20CC-48B5-AD7E-FFFEA37A3244-3-scaled.jpeg\",\"width\":2048,\"height\":1522,\"caption\":\"Synagoga w Wielowsi fot. R. Miernik dla \\\"Smutne Synagogi\\\"\"},{\"@type\":\"BreadcrumbList\",\"@id\":\"http:\\\/\\\/www.smutnesynagogi.pl\\\/index.php\\\/2022\\\/12\\\/28\\\/synagoga-w-wielowsi\\\/#breadcrumb\",\"itemListElement\":[{\"@type\":\"ListItem\",\"position\":1,\"name\":\"Strona g\u0142\u00f3wna\",\"item\":\"https:\\\/\\\/www.smutnesynagogi.pl\\\/\"},{\"@type\":\"ListItem\",\"position\":2,\"name\":\"Synagoga w Wielowsi\"}]},{\"@type\":\"WebSite\",\"@id\":\"https:\\\/\\\/www.smutnesynagogi.pl\\\/#website\",\"url\":\"https:\\\/\\\/www.smutnesynagogi.pl\\\/\",\"name\":\"Smutne synagogi\",\"description\":\"Robi\u0119 zdj\u0119cia synagogom i obiektom po\u017cydowskim, kt&oacute;re zabija polska szko\u0142a reklamy i ochrony zabytk&oacute;w\",\"publisher\":{\"@id\":\"https:\\\/\\\/www.smutnesynagogi.pl\\\/#\\\/schema\\\/person\\\/0c7450f003789355636ab018cfb4a00f\"},\"potentialAction\":[{\"@type\":\"SearchAction\",\"target\":{\"@type\":\"EntryPoint\",\"urlTemplate\":\"https:\\\/\\\/www.smutnesynagogi.pl\\\/?s={search_term_string}\"},\"query-input\":{\"@type\":\"PropertyValueSpecification\",\"valueRequired\":true,\"valueName\":\"search_term_string\"}}],\"inLanguage\":\"pl-PL\"},{\"@type\":[\"Person\",\"Organization\"],\"@id\":\"https:\\\/\\\/www.smutnesynagogi.pl\\\/#\\\/schema\\\/person\\\/0c7450f003789355636ab018cfb4a00f\",\"name\":\"admin\",\"image\":{\"@type\":\"ImageObject\",\"inLanguage\":\"pl-PL\",\"@id\":\"http:\\\/\\\/www.smutnesynagogi.pl\\\/wp-content\\\/uploads\\\/2021\\\/11\\\/Smutne-synagogi.png\",\"url\":\"http:\\\/\\\/www.smutnesynagogi.pl\\\/wp-content\\\/uploads\\\/2021\\\/11\\\/Smutne-synagogi.png\",\"contentUrl\":\"http:\\\/\\\/www.smutnesynagogi.pl\\\/wp-content\\\/uploads\\\/2021\\\/11\\\/Smutne-synagogi.png\",\"width\":1920,\"height\":450,\"caption\":\"admin\"},\"logo\":{\"@id\":\"http:\\\/\\\/www.smutnesynagogi.pl\\\/wp-content\\\/uploads\\\/2021\\\/11\\\/Smutne-synagogi.png\"},\"sameAs\":[\"http:\\\/\\\/www.smutnesynagogi.pl\"],\"url\":\"https:\\\/\\\/www.smutnesynagogi.pl\\\/index.php\\\/author\\\/admin\\\/\"}]}<\/script>\n<!-- \/ Yoast SEO plugin. -->","yoast_head_json":{"title":"Synagoga w Wielowsi - Smutne synagogi","description":"Do Wielowsi dojecha\u0142am z przeszkodami, ale uda\u0142o si\u0119. To najstarsza synagoga na G\u00f3rnym \u015al\u0105sku (powstanie datuje si\u0119 na po\u0142ow\u0119 XVIII w.)","robots":{"index":"index","follow":"follow","max-snippet":"max-snippet:-1","max-image-preview":"max-image-preview:large","max-video-preview":"max-video-preview:-1"},"canonical":"http:\/\/www.smutnesynagogi.pl\/index.php\/2022\/12\/28\/synagoga-w-wielowsi\/","og_locale":"pl_PL","og_type":"article","og_title":"Synagoga w Wielowsi - Smutne synagogi","og_description":"Do Wielowsi dojecha\u0142am z przeszkodami, ale uda\u0142o si\u0119. To najstarsza synagoga na G\u00f3rnym \u015al\u0105sku (powstanie datuje si\u0119 na po\u0142ow\u0119 XVIII w.)","og_url":"http:\/\/www.smutnesynagogi.pl\/index.php\/2022\/12\/28\/synagoga-w-wielowsi\/","og_site_name":"Smutne synagogi","article_published_time":"2022-12-28T18:52:59+00:00","article_modified_time":"2022-12-28T18:53:58+00:00","og_image":[{"width":2560,"height":1902,"url":"http:\/\/www.smutnesynagogi.pl\/wp-content\/uploads\/2022\/12\/2183CD1A-20CC-48B5-AD7E-FFFEA37A3244-3-scaled.jpeg","type":"image\/jpeg"}],"author":"admin","twitter_card":"summary_large_image","twitter_misc":{"Napisane przez":"admin","Szacowany czas czytania":"3 minuty"},"schema":{"@context":"https:\/\/schema.org","@graph":[{"@type":"Article","@id":"http:\/\/www.smutnesynagogi.pl\/index.php\/2022\/12\/28\/synagoga-w-wielowsi\/#article","isPartOf":{"@id":"http:\/\/www.smutnesynagogi.pl\/index.php\/2022\/12\/28\/synagoga-w-wielowsi\/"},"author":{"name":"admin","@id":"https:\/\/www.smutnesynagogi.pl\/#\/schema\/person\/0c7450f003789355636ab018cfb4a00f"},"headline":"Synagoga w Wielowsi","datePublished":"2022-12-28T18:52:59+00:00","dateModified":"2022-12-28T18:53:58+00:00","mainEntityOfPage":{"@id":"http:\/\/www.smutnesynagogi.pl\/index.php\/2022\/12\/28\/synagoga-w-wielowsi\/"},"wordCount":389,"commentCount":0,"publisher":{"@id":"https:\/\/www.smutnesynagogi.pl\/#\/schema\/person\/0c7450f003789355636ab018cfb4a00f"},"image":{"@id":"http:\/\/www.smutnesynagogi.pl\/index.php\/2022\/12\/28\/synagoga-w-wielowsi\/#primaryimage"},"thumbnailUrl":"https:\/\/www.smutnesynagogi.pl\/wp-content\/uploads\/2022\/12\/2183CD1A-20CC-48B5-AD7E-FFFEA37A3244-3-scaled.jpeg","keywords":["historia","\u015bl\u0105sk","\u015bl\u0105skie","smutne synagogi","synagoga","\u017cydzi","\u017cydzi polscy"],"articleSection":["smutne synagogi"],"inLanguage":"pl-PL","potentialAction":[{"@type":"CommentAction","name":"Comment","target":["http:\/\/www.smutnesynagogi.pl\/index.php\/2022\/12\/28\/synagoga-w-wielowsi\/#respond"]}]},{"@type":"WebPage","@id":"http:\/\/www.smutnesynagogi.pl\/index.php\/2022\/12\/28\/synagoga-w-wielowsi\/","url":"http:\/\/www.smutnesynagogi.pl\/index.php\/2022\/12\/28\/synagoga-w-wielowsi\/","name":"Synagoga w Wielowsi - Smutne synagogi","isPartOf":{"@id":"https:\/\/www.smutnesynagogi.pl\/#website"},"primaryImageOfPage":{"@id":"http:\/\/www.smutnesynagogi.pl\/index.php\/2022\/12\/28\/synagoga-w-wielowsi\/#primaryimage"},"image":{"@id":"http:\/\/www.smutnesynagogi.pl\/index.php\/2022\/12\/28\/synagoga-w-wielowsi\/#primaryimage"},"thumbnailUrl":"https:\/\/www.smutnesynagogi.pl\/wp-content\/uploads\/2022\/12\/2183CD1A-20CC-48B5-AD7E-FFFEA37A3244-3-scaled.jpeg","datePublished":"2022-12-28T18:52:59+00:00","dateModified":"2022-12-28T18:53:58+00:00","description":"Do Wielowsi dojecha\u0142am z przeszkodami, ale uda\u0142o si\u0119. To najstarsza synagoga na G\u00f3rnym \u015al\u0105sku (powstanie datuje si\u0119 na po\u0142ow\u0119 XVIII w.)","breadcrumb":{"@id":"http:\/\/www.smutnesynagogi.pl\/index.php\/2022\/12\/28\/synagoga-w-wielowsi\/#breadcrumb"},"inLanguage":"pl-PL","potentialAction":[{"@type":"ReadAction","target":["http:\/\/www.smutnesynagogi.pl\/index.php\/2022\/12\/28\/synagoga-w-wielowsi\/"]}]},{"@type":"ImageObject","inLanguage":"pl-PL","@id":"http:\/\/www.smutnesynagogi.pl\/index.php\/2022\/12\/28\/synagoga-w-wielowsi\/#primaryimage","url":"https:\/\/www.smutnesynagogi.pl\/wp-content\/uploads\/2022\/12\/2183CD1A-20CC-48B5-AD7E-FFFEA37A3244-3-scaled.jpeg","contentUrl":"https:\/\/www.smutnesynagogi.pl\/wp-content\/uploads\/2022\/12\/2183CD1A-20CC-48B5-AD7E-FFFEA37A3244-3-scaled.jpeg","width":2048,"height":1522,"caption":"Synagoga w Wielowsi fot. R. Miernik dla \"Smutne Synagogi\""},{"@type":"BreadcrumbList","@id":"http:\/\/www.smutnesynagogi.pl\/index.php\/2022\/12\/28\/synagoga-w-wielowsi\/#breadcrumb","itemListElement":[{"@type":"ListItem","position":1,"name":"Strona g\u0142\u00f3wna","item":"https:\/\/www.smutnesynagogi.pl\/"},{"@type":"ListItem","position":2,"name":"Synagoga w Wielowsi"}]},{"@type":"WebSite","@id":"https:\/\/www.smutnesynagogi.pl\/#website","url":"https:\/\/www.smutnesynagogi.pl\/","name":"Smutne synagogi","description":"Robi\u0119 zdj\u0119cia synagogom i obiektom po\u017cydowskim, kt&oacute;re zabija polska szko\u0142a reklamy i ochrony zabytk&oacute;w","publisher":{"@id":"https:\/\/www.smutnesynagogi.pl\/#\/schema\/person\/0c7450f003789355636ab018cfb4a00f"},"potentialAction":[{"@type":"SearchAction","target":{"@type":"EntryPoint","urlTemplate":"https:\/\/www.smutnesynagogi.pl\/?s={search_term_string}"},"query-input":{"@type":"PropertyValueSpecification","valueRequired":true,"valueName":"search_term_string"}}],"inLanguage":"pl-PL"},{"@type":["Person","Organization"],"@id":"https:\/\/www.smutnesynagogi.pl\/#\/schema\/person\/0c7450f003789355636ab018cfb4a00f","name":"admin","image":{"@type":"ImageObject","inLanguage":"pl-PL","@id":"http:\/\/www.smutnesynagogi.pl\/wp-content\/uploads\/2021\/11\/Smutne-synagogi.png","url":"http:\/\/www.smutnesynagogi.pl\/wp-content\/uploads\/2021\/11\/Smutne-synagogi.png","contentUrl":"http:\/\/www.smutnesynagogi.pl\/wp-content\/uploads\/2021\/11\/Smutne-synagogi.png","width":1920,"height":450,"caption":"admin"},"logo":{"@id":"http:\/\/www.smutnesynagogi.pl\/wp-content\/uploads\/2021\/11\/Smutne-synagogi.png"},"sameAs":["http:\/\/www.smutnesynagogi.pl"],"url":"https:\/\/www.smutnesynagogi.pl\/index.php\/author\/admin\/"}]}},"jetpack_featured_media_url":"https:\/\/www.smutnesynagogi.pl\/wp-content\/uploads\/2022\/12\/2183CD1A-20CC-48B5-AD7E-FFFEA37A3244-3-scaled.jpeg","jetpack_sharing_enabled":true,"_links":{"self":[{"href":"https:\/\/www.smutnesynagogi.pl\/index.php\/wp-json\/wp\/v2\/posts\/677","targetHints":{"allow":["GET"]}}],"collection":[{"href":"https:\/\/www.smutnesynagogi.pl\/index.php\/wp-json\/wp\/v2\/posts"}],"about":[{"href":"https:\/\/www.smutnesynagogi.pl\/index.php\/wp-json\/wp\/v2\/types\/post"}],"author":[{"embeddable":true,"href":"https:\/\/www.smutnesynagogi.pl\/index.php\/wp-json\/wp\/v2\/users\/1"}],"replies":[{"embeddable":true,"href":"https:\/\/www.smutnesynagogi.pl\/index.php\/wp-json\/wp\/v2\/comments?post=677"}],"version-history":[{"count":2,"href":"https:\/\/www.smutnesynagogi.pl\/index.php\/wp-json\/wp\/v2\/posts\/677\/revisions"}],"predecessor-version":[{"id":694,"href":"https:\/\/www.smutnesynagogi.pl\/index.php\/wp-json\/wp\/v2\/posts\/677\/revisions\/694"}],"wp:featuredmedia":[{"embeddable":true,"href":"https:\/\/www.smutnesynagogi.pl\/index.php\/wp-json\/wp\/v2\/media\/683"}],"wp:attachment":[{"href":"https:\/\/www.smutnesynagogi.pl\/index.php\/wp-json\/wp\/v2\/media?parent=677"}],"wp:term":[{"taxonomy":"category","embeddable":true,"href":"https:\/\/www.smutnesynagogi.pl\/index.php\/wp-json\/wp\/v2\/categories?post=677"},{"taxonomy":"post_tag","embeddable":true,"href":"https:\/\/www.smutnesynagogi.pl\/index.php\/wp-json\/wp\/v2\/tags?post=677"}],"curies":[{"name":"wp","href":"https:\/\/api.w.org\/{rel}","templated":true}]}}